{"id":990,"date":"2010-12-30T23:59:41","date_gmt":"2010-12-30T22:59:41","guid":{"rendered":"http:\/\/www.schmeling.de\/blog\/?p=990"},"modified":"2010-12-30T23:59:41","modified_gmt":"2010-12-30T22:59:41","slug":"krabbelversuche","status":"publish","type":"post","link":"https:\/\/www.schmeling.de\/wordpress\/blog\/2010\/12\/30\/krabbelversuche\/","title":{"rendered":"Krabbelversuche"},"content":{"rendered":"<p>Sophie kann sich echt prima mit den Armen abst\u00fctzen. Wenn man sie auf den Bauch legt (vor einigen Wochen noch undenkbar) st\u00fctzt sie sich mit den Armen hoch und hebt den Kopf um alles gut sehen zu k\u00f6nnen. Das erste Gestrampel mit den\u00a0 Beinen geht auch schon los. Nun muss nur noch der Popo hoch \ud83d\ude42<\/p>\n<p>Lars kann sich in der Bauchlage nicht hochdr\u00fccken. Daf\u00fcr kann er sich gut in den Sitz hochziehen und dort auch eine Weile das Gleichgewicht halten. N\u00fctzt ihm aber noch nichts, da er noch immer Hilfe zum Hochziehen braucht und beim Umfallen nicht immer automatisch in Mamas oder Papas Hand fallen kann.<\/p>\n<p>Unsere zwei haben also verschiedene Herangehensweisen an die Fortbewegung und Mobilit\u00e4t. Mal sehen, welche letztlich zu welchem Erfolg f\u00fchren wird &#8230;. In Sachen Sprache holt Lars gerade auf. Er imitiert L\u00f6wengebr\u00fcll, ohne je einen gesehen zu haben, schreit was das Zeugs h\u00e4lt und st\u00e4rkt seine Stimme.<\/p>\n<p>Sophie schl\u00e4gt derweil leisere T\u00f6ne an. Mit einem wehementen quengeln und klagen verweigert sie vielfach das Fl\u00e4schchen und ist manchmal nicht zum Schlafen zu bewegen. Ich meine ja, dass im Unterkiefer zwei kleine wei\u00dfe Stellen in der Kauleiste schimmern, aber das kann Wunschdenken oder Einbildung sein&#8230; wir werden sehen, was uns das neue Jahr bringt, wenn es in etwa 24 Stunden beginnt.<\/p>\n","protected":false},"excerpt":{"rendered":"<p>Sophie kann sich echt prima mit den Armen abst\u00fctzen. Wenn man sie auf den Bauch legt (vor einigen Wochen noch undenkbar) st\u00fctzt sie sich mit den Armen hoch und hebt den Kopf um alles gut sehen zu k\u00f6nnen. Das erste Gestrampel mit den\u00a0 Beinen geht auch schon los. Nun muss nur noch der Popo hoch [&hellip;]<\/p>\n","protected":false},"author":1,"featured_media":0,"comment_status":"open","ping_status":"open","sticky":false,"template":"","format":"standard","meta":{"footnotes":""},"categories":[5],"tags":[112,366,685,1136,1169,1220,1433],"class_list":["post-990","post","type-post","status-publish","format-standard","hentry","category-kinder","tag-bauchlage","tag-flaschchen","tag-krabbeln","tag-sitzen","tag-sprache","tag-stutzen","tag-zahne"],"_links":{"self":[{"href":"https:\/\/www.schmeling.de\/wordpress\/wp-json\/wp\/v2\/posts\/990","targetHints":{"allow":["GET"]}}],"collection":[{"href":"https:\/\/www.schmeling.de\/wordpress\/wp-json\/wp\/v2\/posts"}],"about":[{"href":"https:\/\/www.schmeling.de\/wordpress\/wp-json\/wp\/v2\/types\/post"}],"author":[{"embeddable":true,"href":"https:\/\/www.schmeling.de\/wordpress\/wp-json\/wp\/v2\/users\/1"}],"replies":[{"embeddable":true,"href":"https:\/\/www.schmeling.de\/wordpress\/wp-json\/wp\/v2\/comments?post=990"}],"version-history":[{"count":0,"href":"https:\/\/www.schmeling.de\/wordpress\/wp-json\/wp\/v2\/posts\/990\/revisions"}],"wp:attachment":[{"href":"https:\/\/www.schmeling.de\/wordpress\/wp-json\/wp\/v2\/media?parent=990"}],"wp:term":[{"taxonomy":"category","embeddable":true,"href":"https:\/\/www.schmeling.de\/wordpress\/wp-json\/wp\/v2\/categories?post=990"},{"taxonomy":"post_tag","embeddable":true,"href":"https:\/\/www.schmeling.de\/wordpress\/wp-json\/wp\/v2\/tags?post=990"}],"curies":[{"name":"wp","href":"https:\/\/api.w.org\/{rel}","templated":true}]}}