{"id":987,"date":"2010-12-30T00:33:31","date_gmt":"2010-12-29T23:33:31","guid":{"rendered":"http:\/\/www.schmeling.de\/blog\/?p=987"},"modified":"2010-12-30T00:33:31","modified_gmt":"2010-12-29T23:33:31","slug":"besuch-bei-ingo","status":"publish","type":"post","link":"https:\/\/www.schmeling.de\/wordpress\/blog\/2010\/12\/30\/besuch-bei-ingo\/","title":{"rendered":"Besuch bei Ingo"},"content":{"rendered":"<p>Heute haben wir uns erneut auf den Weg in den hohen Norden gemacht. Dieses mal haben wir Ingo uns Gaby besucht. Unsere Kleinen haben die zwei ja schon eine Ewigkeit nicht gesehen. Und da wir immer wenn wir in Flensburg sind bei der Familie reinschauen und dann immer keine Zeit haben auch mal Ingo uns Gaby zu besuchen haben wir uns entschlossen diesen Besuch einmal eigens nach Weiche zu machen.<\/p>\n<p>Familienhund Luna lie\u00df es sich nicht nehmen, unsere zwei pers\u00f6nlich mit der feuchten Schnauze zu begr\u00fc\u00dfen. Sie schleckte die ohnehin feuchten H\u00e4nde der beiden und Sophie bekam sogar ein feuchtes zartes K\u00fcsschen &#8211; bu\u00e4h \ud83d\ude42<\/p>\n<p>Menschenansammlungen sind f\u00fcr unsere beiden nat\u00fcrlich immer nicht so ganz einfach. Zumal in fremder Umgebung. Da wird das eine oder andere Auge weniger zugemacht, um auch blo\u00df nix zu verpassen. Das f\u00f6rdert das Sprachverst\u00e4ndnis, wenn man nicht nur Mama und Papa beim reden zuh\u00f6rt, sondern auch Ingo und Gaby.<\/p>\n<p>Auf dem R\u00fcckweg haben die zwei gut geschlafen. Bei unserem Abstecher zu Citti waren sie jedoch wieder wach und wir mussten eine Welle von Protestschreien \u00fcber uns ergehen lassen, als wir auf dem Weg nach Hause auch noch an der Tankstelle Station machten.<\/p>\n<p>Lars konnte irgendwie nicht den Weg ins Bett finden. Erst lie\u00df er sich von Mama eine Weile beruhigen, um dann wieder aufs neue rumzukr\u00e4hen, dann lie\u00df er sich von mir das B\u00e4uchlein massieren, um dann pl\u00f6tzlich die Augenlichter auf Sparflamme zu drehen und nun einzuschlafen.<\/p>\n<p>Nach dem Nachtfl\u00e4schchen werden nun noch die Gedanken des Tages ausgetauscht. Die zwei quietschen noch ein wenig \u00fcber Ingo und Gaby Tochter Denise, \u00fcber\u00a0Ingos Mutter, die feuchten K\u00fcsse von Luna, dem bunt geschm\u00fcckten Tannenbaum im Wohnzimmer und davon, da\u00df man sich doch irgendwie zu selten sieht &#8230;.<\/p>\n","protected":false},"excerpt":{"rendered":"<p>Heute haben wir uns erneut auf den Weg in den hohen Norden gemacht. Dieses mal haben wir Ingo uns Gaby besucht. Unsere Kleinen haben die zwei ja schon eine Ewigkeit nicht gesehen. Und da wir immer wenn wir in Flensburg sind bei der Familie reinschauen und dann immer keine Zeit haben auch mal Ingo uns [&hellip;]<\/p>\n","protected":false},"author":1,"featured_media":0,"comment_status":"open","ping_status":"open","sticky":false,"template":"","format":"standard","meta":{"footnotes":""},"categories":[5],"tags":[145,351,373,424,578,767,1169],"class_list":["post-987","post","type-post","status-publish","format-standard","hentry","category-kinder","tag-besuch","tag-feuchte-kusse","tag-flensburg","tag-gaby","tag-ingo","tag-luna","tag-sprache"],"_links":{"self":[{"href":"https:\/\/www.schmeling.de\/wordpress\/wp-json\/wp\/v2\/posts\/987","targetHints":{"allow":["GET"]}}],"collection":[{"href":"https:\/\/www.schmeling.de\/wordpress\/wp-json\/wp\/v2\/posts"}],"about":[{"href":"https:\/\/www.schmeling.de\/wordpress\/wp-json\/wp\/v2\/types\/post"}],"author":[{"embeddable":true,"href":"https:\/\/www.schmeling.de\/wordpress\/wp-json\/wp\/v2\/users\/1"}],"replies":[{"embeddable":true,"href":"https:\/\/www.schmeling.de\/wordpress\/wp-json\/wp\/v2\/comments?post=987"}],"version-history":[{"count":0,"href":"https:\/\/www.schmeling.de\/wordpress\/wp-json\/wp\/v2\/posts\/987\/revisions"}],"wp:attachment":[{"href":"https:\/\/www.schmeling.de\/wordpress\/wp-json\/wp\/v2\/media?parent=987"}],"wp:term":[{"taxonomy":"category","embeddable":true,"href":"https:\/\/www.schmeling.de\/wordpress\/wp-json\/wp\/v2\/categories?post=987"},{"taxonomy":"post_tag","embeddable":true,"href":"https:\/\/www.schmeling.de\/wordpress\/wp-json\/wp\/v2\/tags?post=987"}],"curies":[{"name":"wp","href":"https:\/\/api.w.org\/{rel}","templated":true}]}}