{"id":951,"date":"2010-12-25T22:00:29","date_gmt":"2010-12-25T21:00:29","guid":{"rendered":"http:\/\/www.schmeling.de\/blog\/?p=951"},"modified":"2010-12-25T22:00:29","modified_gmt":"2010-12-25T21:00:29","slug":"talk-um-mitternacht","status":"publish","type":"post","link":"https:\/\/www.schmeling.de\/wordpress\/blog\/2010\/12\/25\/talk-um-mitternacht\/","title":{"rendered":"Talk um Mitternacht"},"content":{"rendered":"<p>Babyfon Live pr\u00e4sentiert: Talk um Mitternacht<\/p>\n<p>Moderatorin und Sabberstrippe Sophie hat den unglaublich gespr\u00e4chigen Lars zu Gast und quietscht mit ihm \u00fcber Weihnachten, die Gro\u00dfeltern, den Weihnachtsmann, dem sie dringend ihre Adresse geben wollen, \u00fcber Beikost, Milchflaschen und Strampelanz\u00fcge.<\/p>\n<p>Heiligabend nach dem Abendfl\u00e4schchen\u00a0bis 0:37 Uhr live und exklusiv auf Babyfon Kanal 1.<\/p>\n","protected":false},"excerpt":{"rendered":"<p>Babyfon Live pr\u00e4sentiert: Talk um Mitternacht Moderatorin und Sabberstrippe Sophie hat den unglaublich gespr\u00e4chigen Lars zu Gast und quietscht mit ihm \u00fcber Weihnachten, die Gro\u00dfeltern, den Weihnachtsmann, dem sie dringend ihre Adresse geben wollen, \u00fcber Beikost, Milchflaschen und Strampelanz\u00fcge. Heiligabend nach dem Abendfl\u00e4schchen\u00a0bis 0:37 Uhr live und exklusiv auf Babyfon Kanal 1.<\/p>\n","protected":false},"author":1,"featured_media":0,"comment_status":"open","ping_status":"open","sticky":false,"template":"","format":"standard","meta":{"footnotes":""},"categories":[5],"tags":[131,1169,1378],"class_list":["post-951","post","type-post","status-publish","format-standard","hentry","category-kinder","tag-beikost","tag-sprache","tag-weihnachtsmann"],"_links":{"self":[{"href":"https:\/\/www.schmeling.de\/wordpress\/wp-json\/wp\/v2\/posts\/951","targetHints":{"allow":["GET"]}}],"collection":[{"href":"https:\/\/www.schmeling.de\/wordpress\/wp-json\/wp\/v2\/posts"}],"about":[{"href":"https:\/\/www.schmeling.de\/wordpress\/wp-json\/wp\/v2\/types\/post"}],"author":[{"embeddable":true,"href":"https:\/\/www.schmeling.de\/wordpress\/wp-json\/wp\/v2\/users\/1"}],"replies":[{"embeddable":true,"href":"https:\/\/www.schmeling.de\/wordpress\/wp-json\/wp\/v2\/comments?post=951"}],"version-history":[{"count":0,"href":"https:\/\/www.schmeling.de\/wordpress\/wp-json\/wp\/v2\/posts\/951\/revisions"}],"wp:attachment":[{"href":"https:\/\/www.schmeling.de\/wordpress\/wp-json\/wp\/v2\/media?parent=951"}],"wp:term":[{"taxonomy":"category","embeddable":true,"href":"https:\/\/www.schmeling.de\/wordpress\/wp-json\/wp\/v2\/categories?post=951"},{"taxonomy":"post_tag","embeddable":true,"href":"https:\/\/www.schmeling.de\/wordpress\/wp-json\/wp\/v2\/tags?post=951"}],"curies":[{"name":"wp","href":"https:\/\/api.w.org\/{rel}","templated":true}]}}