{"id":3705,"date":"2023-10-05T21:00:45","date_gmt":"2023-10-05T19:00:45","guid":{"rendered":"https:\/\/www.schmeling.de\/wordpress\/?p=3705"},"modified":"2023-10-05T21:04:12","modified_gmt":"2023-10-05T19:04:12","slug":"solardach-14-fazit-der-bauphase","status":"publish","type":"post","link":"https:\/\/www.schmeling.de\/wordpress\/blog\/2023\/10\/05\/solardach-14-fazit-der-bauphase\/","title":{"rendered":"Solardach 14 &#8211; Fazit der Bauphase"},"content":{"rendered":"<p>Also erstmal muss ich sagen, dass die Bundesregierung den Schritt gemacht hat durch den Verzicht auf die Mehrwertsteuer die Anlagen zu f\u00f6rdern war eine gute Nachricht. Auch wenn zu bef\u00fcrchten steht, dass alle Komponentenhersteller bei der Gelegenheit diese Ersparnis nicht zu 100% weitergereicht haben.<\/p>\n<p>Dennoch war es der richtige Schritt. Und das haben offenbar auch viele andere so gesehen und vor dem Hintergrund der gestiegenen Energiepreise den Weg zum Solardach begangen. Deshalb ist es auch nicht verwunderlich, dass die Realisierung der Anlage Zeit kostet. Ich habe im Vorfeld Rezensionen von ungeduldigen Kunden der Firma Energieversum gelesen, die mich echt skeptisch gemacht haben. Aber gut Ding will Weile haben und wenn ich auf meinen eigenen bauverlauf gucke, so sind die versprochenen 6 Monate eingehalten worden. Und ich hoffe, dass es den anderen Kunden auch letztlich so ergangen sein wird.<\/p>\n<p>Sich mit Ungeduld in im Schutze der Anonymit\u00e4t in Foren Luft zu machen ist nicht immer fair, zumal sich keiner von denen erneut gemeldet hat und beschrieben hat, wie es weiterging.<\/p>\n<p>Gut aufgehoben f\u00fchlte ich mich jedoch bei dem f\u00fcr mich zust\u00e4ndigen Vertriebsmitarbeiter von Energieversum, der mich zu gegebener Zeit um Geduld bat, meine R\u00fcckfragen an die Hotline weitergab und den ganzen Prozess des Baus mit der Bitte um Feedback begleitete. Dazu geh\u00f6rt von seiner Seite sicher auch viel Geduld, denn ich bin ja nicht der einzige Kunde und nebenbei hat er ja noch weitere Projekte, Interessenten und Informationstermine, Inbetriebnahmen usw. Und dann Abends mal locker auf eine WhatsApp zu antworten ist sicher auch nicht jedermanns Sache. Ein echtes Lob!<\/p>\n<p>Ich bin froh, dass ich am Anfang nicht locker lie\u00df, die gr\u00f6\u00dftm\u00f6gliche Solarfl\u00e4che zu bekommen, dass die Experten da das Maximale herausgeholt haben.<\/p>\n<p>Mit dem Komplettpaket von Energieversum haben wir nun alles aus einer Hand, einen Ansprechpartner und die Sicherheit, dass wir uns in den kommenden Jahrzehnten nicht kostenintensiv um die Anlage k\u00fcmmern m\u00fcssen.<\/p>\n<p>In einzelnen Abschnitten habe ich davon geschrieben, dass Menschen Nicht-deutscher Herkunft die Arbeit an diesem Projekt geleistet haben. Ich tat dies nicht, um zu diskriminieren, sondern um klar zu machen, dass es vielleicht notwendig ist, Fachkr\u00e4fte aus anderen Regionen Europas zur Hilfe zu holen, damit wir unsere Energiewende bew\u00e4ltigen. Diese Jungs haben einen prima Job gemacht und auch wenn so manche Sprachbarriere mit Mimik, Gestik und einem L\u00e4cheln \u00fcberwunden wurde, so haben alle an einem Strang gezogen. Es mag Menschen geben die lieber nur deutsche Facharbeiter auf ihrer Baustelle h\u00e4tten, weil die sich davon irgendetwas versprechen. M\u00f6gen sie weiter auf diese Menschen warten. Ich bin zufrieden. Ich hatte immer jemanden dabei, der gut genug Deutsch sprach, um zu \u00fcbersetzen, mir Dinge zu erkl\u00e4ren und die richtigen Fragen zu stellen.<\/p>\n<p>Nun geht die Phase des Kennenlernens der Solaranlage und der Energieausbeute los. Zudem steht der Winter bevor. Also wird die gro\u00dfe Erntezeit erst im kommenden Jahr erfolgen. Vielleicht ist f\u00fcr die Sommerstrombauern 2024 jetzt die Zeit einen Vertrag abzuschlie\u00dfen.<\/p>\n<p>Wenn ihr Interesse an einem Kontakt im Gro\u00dfraum Kiel habt, meldet euch gern bei mir, ich vermittle und teile gern Erfahrungen. martin (at) schmeling.de<\/p>\n<p>&nbsp;<\/p>\n<p>Nun ist es wie bei allen Neuen Dingen. Man freut sich und die Ecken und Kanten lernt man erst sp\u00e4ter kennen, lieben oder leiden. Ich werde berichten.<\/p>\n","protected":false},"excerpt":{"rendered":"<p>Also erstmal muss ich sagen, dass die Bundesregierung den Schritt gemacht hat durch den Verzicht auf die Mehrwertsteuer die Anlagen zu f\u00f6rdern war eine gute Nachricht. Auch wenn zu bef\u00fcrchten steht, dass alle Komponentenhersteller bei der Gelegenheit diese Ersparnis nicht zu 100% weitergereicht haben. Dennoch war es der richtige Schritt. Und das haben offenbar auch [&hellip;]<\/p>\n","protected":false},"author":1,"featured_media":0,"comment_status":"closed","ping_status":"closed","sticky":false,"template":"","format":"standard","meta":{"footnotes":""},"categories":[2076],"tags":[1910,2119,2120,2118,2097,2084],"class_list":["post-3705","post","type-post","status-publish","format-standard","hentry","category-solardach","tag-betreuung","tag-fazit","tag-geduld","tag-solaranlage","tag-speicher","tag-vertrieb"],"_links":{"self":[{"href":"https:\/\/www.schmeling.de\/wordpress\/wp-json\/wp\/v2\/posts\/3705","targetHints":{"allow":["GET"]}}],"collection":[{"href":"https:\/\/www.schmeling.de\/wordpress\/wp-json\/wp\/v2\/posts"}],"about":[{"href":"https:\/\/www.schmeling.de\/wordpress\/wp-json\/wp\/v2\/types\/post"}],"author":[{"embeddable":true,"href":"https:\/\/www.schmeling.de\/wordpress\/wp-json\/wp\/v2\/users\/1"}],"replies":[{"embeddable":true,"href":"https:\/\/www.schmeling.de\/wordpress\/wp-json\/wp\/v2\/comments?post=3705"}],"version-history":[{"count":1,"href":"https:\/\/www.schmeling.de\/wordpress\/wp-json\/wp\/v2\/posts\/3705\/revisions"}],"predecessor-version":[{"id":3706,"href":"https:\/\/www.schmeling.de\/wordpress\/wp-json\/wp\/v2\/posts\/3705\/revisions\/3706"}],"wp:attachment":[{"href":"https:\/\/www.schmeling.de\/wordpress\/wp-json\/wp\/v2\/media?parent=3705"}],"wp:term":[{"taxonomy":"category","embeddable":true,"href":"https:\/\/www.schmeling.de\/wordpress\/wp-json\/wp\/v2\/categories?post=3705"},{"taxonomy":"post_tag","embeddable":true,"href":"https:\/\/www.schmeling.de\/wordpress\/wp-json\/wp\/v2\/tags?post=3705"}],"curies":[{"name":"wp","href":"https:\/\/api.w.org\/{rel}","templated":true}]}}