{"id":3687,"date":"2023-05-16T22:00:32","date_gmt":"2023-05-16T20:00:32","guid":{"rendered":"https:\/\/www.schmeling.de\/wordpress\/?p=3687"},"modified":"2023-10-05T21:02:29","modified_gmt":"2023-10-05T19:02:29","slug":"solardach-7-dachmontage","status":"publish","type":"post","link":"https:\/\/www.schmeling.de\/wordpress\/blog\/2023\/05\/16\/solardach-7-dachmontage\/","title":{"rendered":"Solardach 7 &#8211; Dachmontage"},"content":{"rendered":"<p>Ausgerechnet an meinem Geburtstag sollte es nun losgehen. Naja. Es ist ein Tag wie jeder andere und abgesehen von ein paar mal kurz am Tag nach dem rechten schauen wird es wohl nicht viel sein. &#8211; So dachte ich.<\/p>\n<p>Um kurz vor 9 Uhr klingelte der erste der Truppe. Ein freundlicher junger Mann mit deutlich osteurop\u00e4ischem Akzent lie\u00df\u00a0 sich alles zeigen, erkl\u00e4rte mir, dass seine Leute gleich kommen w\u00fcrden. Die sprachen jedoch kein Deutsch und er musste ihnen alles nochmal zeigen und \u00fcbersetzen. Es stellte sich heraus, dass nur 2 der geplanten 3 Arbeiter erschienen waren, was evtl. zu Verz\u00f6gerungen f\u00fchren k\u00f6nnte. Nunja. Es kann jeder mal krank werden und mir ist jeder Arbeiter, der seine Kollegen nicht ansteckt lieber, als einer, der auf meinem Dach zusammenbricht und hinunterf\u00e4llt.<\/p>\n<p>Nachdem die Baustelle eingerichtet war (Leitern bis zum Dach, Leitern \u00fcbers Dach begannen die Herren mit der Montage der Dachhaken. Im Internet kann man sich das alles aus der N\u00e4he angucken, ich hab mich nicht aufs Dach gewagt, mir wurde schon ganz schwindelig, beim hochgucken. Bei der Arbeit durfte ich nicht fotografieren, also habe ich immer wieder mal ein Foto gemacht, wenn gerade keiner auf dieser Dachseite war.<\/p>\n<p>Das Wetter war durchwachsen, es schauerte immer wieder und zum Gl\u00fcck wehte nur ein wenig Wind, kein Sturm.<\/p>\n<p>Um 18 Uhr begann endlich der Aufbau der Solarpanele. Der Vorarbeiter, der wie sich herausstellte Rum\u00e4ne war und neben seiner Muttersprache noch 5 weitere ziemlich flie\u00dfend beherrschte war am Verzweifeln. Sein Zeitplan war offenbar ziemlich durcheinander und zum n\u00e4chsten Projekt an der M\u00fcritz am n\u00e4chsten Tag lagen noch einige Stunden Fahrt vor der Truppe.<\/p>\n<p>Kurz vor 21 Uhr waren die Arbeiten dann beendet und im Keller lag ein gut isoliertes Kabel der Solaranlage, auf dem kurz vor D\u00e4mmerungsbeginn noch 260V zu messen waren.<\/p>\n<p>Schritt eins geschafft!<\/p>\n<p>&nbsp;<\/p>\n","protected":false},"excerpt":{"rendered":"<p>Ausgerechnet an meinem Geburtstag sollte es nun losgehen. Naja. Es ist ein Tag wie jeder andere und abgesehen von ein paar mal kurz am Tag nach dem rechten schauen wird es wohl nicht viel sein. &#8211; So dachte ich. Um kurz vor 9 Uhr klingelte der erste der Truppe. Ein freundlicher junger Mann mit deutlich [&hellip;]<\/p>\n","protected":false},"author":1,"featured_media":0,"comment_status":"closed","ping_status":"closed","sticky":false,"template":"","format":"standard","meta":{"footnotes":""},"categories":[2076],"tags":[229,2137,1483,598,2138,2092,2135,2136],"class_list":["post-3687","post","type-post","status-publish","format-standard","hentry","category-solardach","tag-dach","tag-erdung","tag-geruest","tag-kabel","tag-leiter","tag-solarpanele","tag-spannung","tag-unterkonstruktion"],"_links":{"self":[{"href":"https:\/\/www.schmeling.de\/wordpress\/wp-json\/wp\/v2\/posts\/3687","targetHints":{"allow":["GET"]}}],"collection":[{"href":"https:\/\/www.schmeling.de\/wordpress\/wp-json\/wp\/v2\/posts"}],"about":[{"href":"https:\/\/www.schmeling.de\/wordpress\/wp-json\/wp\/v2\/types\/post"}],"author":[{"embeddable":true,"href":"https:\/\/www.schmeling.de\/wordpress\/wp-json\/wp\/v2\/users\/1"}],"replies":[{"embeddable":true,"href":"https:\/\/www.schmeling.de\/wordpress\/wp-json\/wp\/v2\/comments?post=3687"}],"version-history":[{"count":5,"href":"https:\/\/www.schmeling.de\/wordpress\/wp-json\/wp\/v2\/posts\/3687\/revisions"}],"predecessor-version":[{"id":3707,"href":"https:\/\/www.schmeling.de\/wordpress\/wp-json\/wp\/v2\/posts\/3687\/revisions\/3707"}],"wp:attachment":[{"href":"https:\/\/www.schmeling.de\/wordpress\/wp-json\/wp\/v2\/media?parent=3687"}],"wp:term":[{"taxonomy":"category","embeddable":true,"href":"https:\/\/www.schmeling.de\/wordpress\/wp-json\/wp\/v2\/categories?post=3687"},{"taxonomy":"post_tag","embeddable":true,"href":"https:\/\/www.schmeling.de\/wordpress\/wp-json\/wp\/v2\/tags?post=3687"}],"curies":[{"name":"wp","href":"https:\/\/api.w.org\/{rel}","templated":true}]}}