{"id":3680,"date":"2023-04-13T22:00:10","date_gmt":"2023-04-13T20:00:10","guid":{"rendered":"https:\/\/www.schmeling.de\/wordpress\/?p=3680"},"modified":"2023-10-05T21:01:53","modified_gmt":"2023-10-05T19:01:53","slug":"solardach-4-ein-vertrag","status":"publish","type":"post","link":"https:\/\/www.schmeling.de\/wordpress\/blog\/2023\/04\/13\/solardach-4-ein-vertrag\/","title":{"rendered":"Solardach 4 &#8211; Ein Vertrag"},"content":{"rendered":"<p>Nun ist es so weit. Wir haben den Projektvertrag unterschrieben.<\/p>\n<p>Wir bekommen 6 Panele \u00e0 400W aufs Dach in S\u00fcdausrichtung, einen Senec-V4-Hybrid-Speicher mit 4,2KWh, die gesamte Montage, Wartung f\u00fcr die kommenden Jahrzehnte, verl\u00e4ngerte Garantie auf die Komponenten, Versicherung gegen Sch\u00e4den usw. als Komplettpaket.<\/p>\n<p>Was uns besonders wichtig war: Die Fertigstellung sollte binnen 6 Monaten geschehen.<\/p>\n<p>Leider hatten wir im Internet schon zum Teil Berichte \u00fcber verz\u00f6gerte Projekte gelesen. Deshalb haben wir auf diese Zusage bestanden.<\/p>\n<p>Es ist ja auch eine Stange Geld, die wir da ausgeben &#8211; da wollen wir nat\u00fcrlich nicht ewig lange auf die Ernte vom Dach warten&#8230;.<\/p>\n","protected":false},"excerpt":{"rendered":"<p>Nun ist es so weit. Wir haben den Projektvertrag unterschrieben. Wir bekommen 6 Panele \u00e0 400W aufs Dach in S\u00fcdausrichtung, einen Senec-V4-Hybrid-Speicher mit 4,2KWh, die gesamte Montage, Wartung f\u00fcr die kommenden Jahrzehnte, verl\u00e4ngerte Garantie auf die Komponenten, Versicherung gegen Sch\u00e4den usw. als Komplettpaket. Was uns besonders wichtig war: Die Fertigstellung sollte binnen 6 Monaten geschehen. [&hellip;]<\/p>\n","protected":false},"author":1,"featured_media":0,"comment_status":"closed","ping_status":"closed","sticky":false,"template":"","format":"standard","meta":{"footnotes":""},"categories":[2076],"tags":[2096,2098,2097,2099,2095],"class_list":["post-3680","post","type-post","status-publish","format-standard","hentry","category-solardach","tag-garantie","tag-solarpalele","tag-speicher","tag-versicherung","tag-vertrag"],"_links":{"self":[{"href":"https:\/\/www.schmeling.de\/wordpress\/wp-json\/wp\/v2\/posts\/3680","targetHints":{"allow":["GET"]}}],"collection":[{"href":"https:\/\/www.schmeling.de\/wordpress\/wp-json\/wp\/v2\/posts"}],"about":[{"href":"https:\/\/www.schmeling.de\/wordpress\/wp-json\/wp\/v2\/types\/post"}],"author":[{"embeddable":true,"href":"https:\/\/www.schmeling.de\/wordpress\/wp-json\/wp\/v2\/users\/1"}],"replies":[{"embeddable":true,"href":"https:\/\/www.schmeling.de\/wordpress\/wp-json\/wp\/v2\/comments?post=3680"}],"version-history":[{"count":4,"href":"https:\/\/www.schmeling.de\/wordpress\/wp-json\/wp\/v2\/posts\/3680\/revisions"}],"predecessor-version":[{"id":3684,"href":"https:\/\/www.schmeling.de\/wordpress\/wp-json\/wp\/v2\/posts\/3680\/revisions\/3684"}],"wp:attachment":[{"href":"https:\/\/www.schmeling.de\/wordpress\/wp-json\/wp\/v2\/media?parent=3680"}],"wp:term":[{"taxonomy":"category","embeddable":true,"href":"https:\/\/www.schmeling.de\/wordpress\/wp-json\/wp\/v2\/categories?post=3680"},{"taxonomy":"post_tag","embeddable":true,"href":"https:\/\/www.schmeling.de\/wordpress\/wp-json\/wp\/v2\/tags?post=3680"}],"curies":[{"name":"wp","href":"https:\/\/api.w.org\/{rel}","templated":true}]}}