{"id":3677,"date":"2023-03-14T22:00:06","date_gmt":"2023-03-14T21:00:06","guid":{"rendered":"https:\/\/www.schmeling.de\/wordpress\/?p=3677"},"modified":"2023-10-05T21:01:43","modified_gmt":"2023-10-05T19:01:43","slug":"solardach-3-ein-zweiter-anlauf","status":"publish","type":"post","link":"https:\/\/www.schmeling.de\/wordpress\/blog\/2023\/03\/14\/solardach-3-ein-zweiter-anlauf\/","title":{"rendered":"Solardach 3 &#8211; Ein zweiter Anlauf"},"content":{"rendered":"<p>Nachdem der erste Anlauf vor dem Jahreswechsel schon nicht so ganz klappte, habe ich beschlossen, der Firma Energieversum eine zweite Chance zu geben. Solar soll auf unser Dach und zwar in m\u00f6glichst voller Breite. Kurz nach meinem Kontakt zur Hotline meldete sich ein Vertriebsmitarbeiter bei mir. Wir vereinbarten einen Termin, bei dem er das Dach grob vermessen konnte und mit Hilfe von Fotos die ungef\u00e4hre Gr\u00f6\u00dfe berechnen.<\/p>\n<p>Nun die Ern\u00fcchterung: Die Bauvorschriften besagen, dass Solaranlagen, sofern sie nicht aus Glas-Glas-Modulen und damit besonders feuerfest gebaut sind nur bis 1,25m an die Brandschutzwand verbaut werden d\u00fcrfen. Die deutlich teureren Module d\u00fcrfen nur bis max. 50cm an die Brandschutzwand herangebaut werden. Bei genauer Betrachtung war festzustellen, dass die Solaranlage meines Nachbarn wom\u00f6glich entgegen jeglicher Bauvorschriften \u00fcber die Brandschutzwand hinaus gebaut worden war.<\/p>\n<p>Das Bauamt wird bei solchen Dingen nur auf Antrag t\u00e4tig. Aber wer will schon seinen Nachbarn anschw\u00e4rzen, wenn er selbst m\u00f6glichst viel Solar aufs Dach haben will.<\/p>\n<p>Unter Einhaltung der Brandschutzvorschriften bek\u00e4me ich wohl nur 4 Panele aufs Dach. Ich habe klargemacht, dass doch bitte die Pr\u00fcfung der Projektierung noch einmal durchkalkulieren sollte. Und so bekam ich heute die R\u00fcckmeldung, dass eine Bebauung des Daches mit maximal 6 Modulen \u00e0 400W m\u00f6glich sei. Na, immerhin 3,2kWp.<\/p>\n<p>Es lohnt sich also hartn\u00e4ckig zu bleiben, denn wir haben ja gemeinsame Interessen: Der Vertriebsmitarbeiter m\u00f6chte einen vertrag machen, ich m\u00f6chte eine m\u00f6glichst gro\u00dfe Solaranlage haben und wenn wir beide nicht weiter wissen, m\u00fcssen halt die Experten entscheiden und die hatten offenbar den Tetris-Leistungskurs besucht.<\/p>\n","protected":false},"excerpt":{"rendered":"<p>Nachdem der erste Anlauf vor dem Jahreswechsel schon nicht so ganz klappte, habe ich beschlossen, der Firma Energieversum eine zweite Chance zu geben. Solar soll auf unser Dach und zwar in m\u00f6glichst voller Breite. Kurz nach meinem Kontakt zur Hotline meldete sich ein Vertriebsmitarbeiter bei mir. Wir vereinbarten einen Termin, bei dem er das Dach [&hellip;]<\/p>\n","protected":false},"author":1,"featured_media":0,"comment_status":"closed","ping_status":"closed","sticky":false,"template":"","format":"standard","meta":{"footnotes":""},"categories":[2076],"tags":[2089,2086,2091,2088,2090,2093,2092,2094],"class_list":["post-3677","post","type-post","status-publish","format-standard","hentry","category-solardach","tag-abstand","tag-angebot","tag-bauamt","tag-bauvorschriften","tag-brandschutzwand","tag-pruefung","tag-solarpanele","tag-tetris"],"_links":{"self":[{"href":"https:\/\/www.schmeling.de\/wordpress\/wp-json\/wp\/v2\/posts\/3677","targetHints":{"allow":["GET"]}}],"collection":[{"href":"https:\/\/www.schmeling.de\/wordpress\/wp-json\/wp\/v2\/posts"}],"about":[{"href":"https:\/\/www.schmeling.de\/wordpress\/wp-json\/wp\/v2\/types\/post"}],"author":[{"embeddable":true,"href":"https:\/\/www.schmeling.de\/wordpress\/wp-json\/wp\/v2\/users\/1"}],"replies":[{"embeddable":true,"href":"https:\/\/www.schmeling.de\/wordpress\/wp-json\/wp\/v2\/comments?post=3677"}],"version-history":[{"count":2,"href":"https:\/\/www.schmeling.de\/wordpress\/wp-json\/wp\/v2\/posts\/3677\/revisions"}],"predecessor-version":[{"id":3679,"href":"https:\/\/www.schmeling.de\/wordpress\/wp-json\/wp\/v2\/posts\/3677\/revisions\/3679"}],"wp:attachment":[{"href":"https:\/\/www.schmeling.de\/wordpress\/wp-json\/wp\/v2\/media?parent=3677"}],"wp:term":[{"taxonomy":"category","embeddable":true,"href":"https:\/\/www.schmeling.de\/wordpress\/wp-json\/wp\/v2\/categories?post=3677"},{"taxonomy":"post_tag","embeddable":true,"href":"https:\/\/www.schmeling.de\/wordpress\/wp-json\/wp\/v2\/tags?post=3677"}],"curies":[{"name":"wp","href":"https:\/\/api.w.org\/{rel}","templated":true}]}}