{"id":3675,"date":"2022-12-15T22:00:14","date_gmt":"2022-12-15T21:00:14","guid":{"rendered":"https:\/\/www.schmeling.de\/wordpress\/?p=3675"},"modified":"2023-10-05T21:01:29","modified_gmt":"2023-10-05T19:01:29","slug":"solardach-2-ein-erster-kontakt-mit-fragezeichen","status":"publish","type":"post","link":"https:\/\/www.schmeling.de\/wordpress\/blog\/2022\/12\/15\/solardach-2-ein-erster-kontakt-mit-fragezeichen\/","title":{"rendered":"Solardach 2 &#8211; Ein erster Kontakt mit Fragezeichen"},"content":{"rendered":"<p>Die Nordbau lag nun schon einige Wochen zur\u00fcck. Ich hatte zwar damit gerechnet, dass die Abarbeitung des Andrangs bei Energieversum einige Wochen mehr in Anspruch nehmen w\u00fcrde, aber dass es so lange dauern w\u00fcrde, hatte ich nicht gedacht. Ich fragte also telefonisch nach einem Beratungstermin und noch w\u00e4hrend ein Vertriebsmitarbeiter ein Angebot unterbreiten wollte, bekam ich einen Anruf mit Bezug auf unsere Meldung bei der Nordbau.<\/p>\n<p>Hier scheint die Linke Hand nicht mitzubekommen, was die Rechte tut. Offenbar w\u00e4chst dieses Unternehmen schneller, als die Strukturen, die f\u00fcr eine koordinierte Abwicklung notwendig sein sollten.<\/p>\n<p>Angesichts dessen, dass die Bundesregierung am 2023 die Mehrwertsteuer auf die Solaranlagen streichen will und der Vertriebsmitarbeiter angesichts steigender Preise kurz vor Weihnachten auf einen Abschluss dr\u00e4ngte, habe ich dieses Projekt erst einmal zur\u00fcckgestellt. Ich wei\u00df nicht, ob er nun pers\u00f6nlich beleidigt war oder ihm nun ein Abschluss fehlte, um die Probezeit zu bestehen, ich habe nie wieder etwas von ihm geh\u00f6rt.<\/p>\n","protected":false},"excerpt":{"rendered":"<p>Die Nordbau lag nun schon einige Wochen zur\u00fcck. Ich hatte zwar damit gerechnet, dass die Abarbeitung des Andrangs bei Energieversum einige Wochen mehr in Anspruch nehmen w\u00fcrde, aber dass es so lange dauern w\u00fcrde, hatte ich nicht gedacht. Ich fragte also telefonisch nach einem Beratungstermin und noch w\u00e4hrend ein Vertriebsmitarbeiter ein Angebot unterbreiten wollte, bekam [&hellip;]<\/p>\n","protected":false},"author":1,"featured_media":0,"comment_status":"closed","ping_status":"closed","sticky":false,"template":"","format":"standard","meta":{"footnotes":""},"categories":[2076],"tags":[2086,2087,2085,2084],"class_list":["post-3675","post","type-post","status-publish","format-standard","hentry","category-solardach","tag-angebot","tag-koordination","tag-mehrwertsteuer","tag-vertrieb"],"_links":{"self":[{"href":"https:\/\/www.schmeling.de\/wordpress\/wp-json\/wp\/v2\/posts\/3675","targetHints":{"allow":["GET"]}}],"collection":[{"href":"https:\/\/www.schmeling.de\/wordpress\/wp-json\/wp\/v2\/posts"}],"about":[{"href":"https:\/\/www.schmeling.de\/wordpress\/wp-json\/wp\/v2\/types\/post"}],"author":[{"embeddable":true,"href":"https:\/\/www.schmeling.de\/wordpress\/wp-json\/wp\/v2\/users\/1"}],"replies":[{"embeddable":true,"href":"https:\/\/www.schmeling.de\/wordpress\/wp-json\/wp\/v2\/comments?post=3675"}],"version-history":[{"count":1,"href":"https:\/\/www.schmeling.de\/wordpress\/wp-json\/wp\/v2\/posts\/3675\/revisions"}],"predecessor-version":[{"id":3676,"href":"https:\/\/www.schmeling.de\/wordpress\/wp-json\/wp\/v2\/posts\/3675\/revisions\/3676"}],"wp:attachment":[{"href":"https:\/\/www.schmeling.de\/wordpress\/wp-json\/wp\/v2\/media?parent=3675"}],"wp:term":[{"taxonomy":"category","embeddable":true,"href":"https:\/\/www.schmeling.de\/wordpress\/wp-json\/wp\/v2\/categories?post=3675"},{"taxonomy":"post_tag","embeddable":true,"href":"https:\/\/www.schmeling.de\/wordpress\/wp-json\/wp\/v2\/tags?post=3675"}],"curies":[{"name":"wp","href":"https:\/\/api.w.org\/{rel}","templated":true}]}}