{"id":3673,"date":"2022-09-09T22:00:04","date_gmt":"2022-09-09T20:00:04","guid":{"rendered":"https:\/\/www.schmeling.de\/wordpress\/?p=3673"},"modified":"2023-10-05T21:06:44","modified_gmt":"2023-10-05T19:06:44","slug":"solardach-1-information-auf-der-nordbau","status":"publish","type":"post","link":"https:\/\/www.schmeling.de\/wordpress\/blog\/2022\/09\/09\/solardach-1-information-auf-der-nordbau\/","title":{"rendered":"Solardach 1 &#8211; Information auf der Nordbau"},"content":{"rendered":"<p>Auf der Nordbau in Neum\u00fcnster wollten wir uns eigentlich mal umschauen nach den neuesten Bautrends, mal schauen, ob es noch etwas gibt, das sich f\u00fcr uns lohnt und insbesondere sind wir interessiert an Solarstrom. Seit unser Nachbar vor einigen Jahren 14 Solarpanele auf sein Dach hat bauen lassen, l\u00e4sst mich irgendwie die Idee nicht los, ob wir das nicht auch nutzen sollten.<\/p>\n<p>Solar boomt und so ist es auch nicht verwunderlich, dass einige Anbieter sich da schwer tun, weil sie hoffnungslos \u00fcberlastet sind oder eben spezielle Ans\u00e4tze bieten, wie den bau auf dem Flachfach, dem Freigel\u00e4nde u.\u00e4. was ein noch nicht so ganz erschlossener Markt ist. Eigentlich hatten wir uns von namenhaften Herstellern an dieser Stelle Angebote erhofft, aber die haben uns an lokale Dachdecker verwiesen, die die belieferten, selbst projektieren die Hersteller keine Anlagen mehr.<\/p>\n<p>An Anbietern, die das Rundum-Projekt anbieten mangelt es inzwischen kaum. Nahezu jeder Energieanbieter, viele Kleinunternehmer und auch eine menge Scharlatane tummeln sich im Netz und als Neuling da durchzusteigen ist sicher ein Spiel mit Vertrauen und Setzen auf Namen und bew\u00e4hrte Qualit\u00e4t.<\/p>\n<p>Die Forma Energieversum war ein Anbieter von Solaranlagen, die wir auf der Nordbau antrafen. Leider war der Stand wohl auch aufgrund dieses Alleinstellungsmerkmals so \u00fcberlaufen, dass wir nur unsere Kontaktdaten hinterlassen konnten, um einige Wochen sp\u00e4ter einen Anruf zu erhalten.<\/p>\n","protected":false},"excerpt":{"rendered":"<p>Auf der Nordbau in Neum\u00fcnster wollten wir uns eigentlich mal umschauen nach den neuesten Bautrends, mal schauen, ob es noch etwas gibt, das sich f\u00fcr uns lohnt und insbesondere sind wir interessiert an Solarstrom. Seit unser Nachbar vor einigen Jahren 14 Solarpanele auf sein Dach hat bauen lassen, l\u00e4sst mich irgendwie die Idee nicht los, [&hellip;]<\/p>\n","protected":false},"author":1,"featured_media":0,"comment_status":"closed","ping_status":"closed","sticky":false,"template":"","format":"standard","meta":{"footnotes":""},"categories":[2076],"tags":[229,2081,2082,2083,2077,2131,2080],"class_list":["post-3673","post","type-post","status-publish","format-standard","hentry","category-solardach","tag-dach","tag-dachdecker","tag-energieversum","tag-kontakt","tag-nordbau","tag-solar","tag-solaranbieter"],"_links":{"self":[{"href":"https:\/\/www.schmeling.de\/wordpress\/wp-json\/wp\/v2\/posts\/3673","targetHints":{"allow":["GET"]}}],"collection":[{"href":"https:\/\/www.schmeling.de\/wordpress\/wp-json\/wp\/v2\/posts"}],"about":[{"href":"https:\/\/www.schmeling.de\/wordpress\/wp-json\/wp\/v2\/types\/post"}],"author":[{"embeddable":true,"href":"https:\/\/www.schmeling.de\/wordpress\/wp-json\/wp\/v2\/users\/1"}],"replies":[{"embeddable":true,"href":"https:\/\/www.schmeling.de\/wordpress\/wp-json\/wp\/v2\/comments?post=3673"}],"version-history":[{"count":2,"href":"https:\/\/www.schmeling.de\/wordpress\/wp-json\/wp\/v2\/posts\/3673\/revisions"}],"predecessor-version":[{"id":3710,"href":"https:\/\/www.schmeling.de\/wordpress\/wp-json\/wp\/v2\/posts\/3673\/revisions\/3710"}],"wp:attachment":[{"href":"https:\/\/www.schmeling.de\/wordpress\/wp-json\/wp\/v2\/media?parent=3673"}],"wp:term":[{"taxonomy":"category","embeddable":true,"href":"https:\/\/www.schmeling.de\/wordpress\/wp-json\/wp\/v2\/categories?post=3673"},{"taxonomy":"post_tag","embeddable":true,"href":"https:\/\/www.schmeling.de\/wordpress\/wp-json\/wp\/v2\/tags?post=3673"}],"curies":[{"name":"wp","href":"https:\/\/api.w.org\/{rel}","templated":true}]}}