{"id":3663,"date":"2022-10-30T21:00:52","date_gmt":"2022-10-30T20:00:52","guid":{"rendered":"https:\/\/www.schmeling.de\/wordpress\/?p=3663"},"modified":"2022-11-05T12:02:03","modified_gmt":"2022-11-05T11:02:03","slug":"high-speed-kochkurs-mit-johann-lafer","status":"publish","type":"post","link":"https:\/\/www.schmeling.de\/wordpress\/blog\/2022\/10\/30\/high-speed-kochkurs-mit-johann-lafer\/","title":{"rendered":"High-Speed Kochkurs mit Johann Lafer"},"content":{"rendered":"<p>Petra hatte beim Eismann einen Online-Live-Kochkurs mit Johann Lafer gewonnen und freute sich schon seit Wochen drauf. Mehrere T\u00fcten Tiefk\u00fchlware lagerten seit einigen Wochen in unserer K\u00fchlung, um nun zum Einsatz zu kommen. Penibel hat Petra alles am Morgen aufgetaut, bereitgestellt und die frischen Zutaten wie Zimt, Feldsalat, Dill, unbehandelte Zitronen etc. bereitgestellt.<\/p>\n<p><img loading=\"lazy\" decoding=\"async\" class=\"alignleft  wp-image-3667\" src=\"https:\/\/www.schmeling.de\/wordpress\/wp-content\/uploads\/2022\/11\/Kochkurs-300x300.jpg\" alt=\"\" width=\"228\" height=\"228\" srcset=\"https:\/\/www.schmeling.de\/wordpress\/wp-content\/uploads\/2022\/11\/Kochkurs-300x300.jpg 300w, https:\/\/www.schmeling.de\/wordpress\/wp-content\/uploads\/2022\/11\/Kochkurs-150x150.jpg 150w, https:\/\/www.schmeling.de\/wordpress\/wp-content\/uploads\/2022\/11\/Kochkurs-768x768.jpg 768w, https:\/\/www.schmeling.de\/wordpress\/wp-content\/uploads\/2022\/11\/Kochkurs-120x120.jpg 120w, https:\/\/www.schmeling.de\/wordpress\/wp-content\/uploads\/2022\/11\/Kochkurs.jpg 850w\" sizes=\"auto, (max-width: 228px) 100vw, 228px\" \/><\/p>\n<p>Um 17:20 begann dann also die WebEx-Sitzung, zu deren Beginn alle der 130 Teilnehmer ihr Mikrofon eingeschaltet hatten, was der Gastgeber offenbar nicht wahrnahm, weshalb Petra die Vorspeise aus dem ruckelnden Bild am Tablet ablesen musste. \ud83d\ude00<\/p>\n<p>Dann gab es endlich die Vorspeise: Feldsalat mit Pfifferlingen auf Kartoffelr\u00f6sti. 20 Minuten Pause zum Essen, abr\u00e4umen, aufr\u00e4umen, Zutaten herrichten. Akkordarbeit!<\/p>\n<p><img loading=\"lazy\" decoding=\"async\" class=\"alignleft  wp-image-3665\" src=\"https:\/\/www.schmeling.de\/wordpress\/wp-content\/uploads\/2022\/11\/Vorspeise-300x300.jpg\" alt=\"\" width=\"228\" height=\"228\" srcset=\"https:\/\/www.schmeling.de\/wordpress\/wp-content\/uploads\/2022\/11\/Vorspeise-300x300.jpg 300w, https:\/\/www.schmeling.de\/wordpress\/wp-content\/uploads\/2022\/11\/Vorspeise-150x150.jpg 150w, https:\/\/www.schmeling.de\/wordpress\/wp-content\/uploads\/2022\/11\/Vorspeise-768x768.jpg 768w, https:\/\/www.schmeling.de\/wordpress\/wp-content\/uploads\/2022\/11\/Vorspeise-120x120.jpg 120w, https:\/\/www.schmeling.de\/wordpress\/wp-content\/uploads\/2022\/11\/Vorspeise.jpg 907w\" sizes=\"auto, (max-width: 228px) 100vw, 228px\" \/>W\u00e4hrend des Hauptgerichts stellte trennte sich die Spreu vom Weizen. Wohl dem, der einen Herd wie Herr Lafer hat, der in der Lage ist, die Pfanne in jenem Moment hei\u00df zu bekommen, in dem man den Einschaltknopf der Platte aufgedreht hat. Gnocchi braten, Speck anbraten, Fisch im Ofen garen, So\u00dfe anr\u00fchren, Weintrauben halbieren&#8230; Zwischendurch hatten sich einige Teilnehmer dar\u00fcber beklagt, dass der Sternekoch sich nicht ans Rezept halten w\u00fcrde. Dazu erkl\u00e4rte er lapidar, als Koch halte man sich nie ans Rezept. Dumm nur, wenn mehr Zutaten gebraucht werden, als vorhanden sind.<\/p>\n<p>Absolutes Internetverbot f\u00fcr die Kids wegen verstopfter Leitung und die Hilferufe aus der K\u00fcche, weil auch eine Hausfrau keine 4 Arme hat, erreichten mich im Minutentakt.<\/p>\n<p><img loading=\"lazy\" decoding=\"async\" class=\"alignleft size-medium wp-image-3666\" src=\"https:\/\/www.schmeling.de\/wordpress\/wp-content\/uploads\/2022\/11\/Hauptgericht-225x300.jpg\" alt=\"\" width=\"225\" height=\"300\" srcset=\"https:\/\/www.schmeling.de\/wordpress\/wp-content\/uploads\/2022\/11\/Hauptgericht-225x300.jpg 225w, https:\/\/www.schmeling.de\/wordpress\/wp-content\/uploads\/2022\/11\/Hauptgericht-90x120.jpg 90w, https:\/\/www.schmeling.de\/wordpress\/wp-content\/uploads\/2022\/11\/Hauptgericht.jpg 638w\" sizes=\"auto, (max-width: 225px) 100vw, 225px\" \/>Nun hab es also Fisch auf Gnocchi mit Speck. &#8211; 25 Minuten Pause, in der ich es sogar schaffte meiner erm\u00fcdeten Frau die Pfannen abzuwaschen, die K\u00fcche auf Vordermann zu bringen und die WebEx-Sitzung neu zu starten, deren Bild zwischenzeitlich eingefroren war.<\/p>\n<p>Zur Nachspeise durften die Zimtkekse aus dem Ofen befreit werden, die dann das Eis auf hei\u00dfen Beeren garnierten.<\/p>\n<p>Ende der Veranstaltung, die nebenbei ein Kulinarisches Festmahl war, auch wenn im Nachhinein auffiel, dass der verzierende Dill noch in der K\u00fcche lag und die Utensilnenauswahl eines Sternekochs mit denen eines Haushalts zumindest in der Zahl der Siebe nicht mithalten kann um 20:30 Uhr<\/p>\n<p><img loading=\"lazy\" decoding=\"async\" class=\"alignleft  wp-image-3664\" src=\"https:\/\/www.schmeling.de\/wordpress\/wp-content\/uploads\/2022\/11\/Nachspeise-300x300.jpg\" alt=\"\" width=\"225\" height=\"225\" srcset=\"https:\/\/www.schmeling.de\/wordpress\/wp-content\/uploads\/2022\/11\/Nachspeise-300x300.jpg 300w, https:\/\/www.schmeling.de\/wordpress\/wp-content\/uploads\/2022\/11\/Nachspeise-150x150.jpg 150w, https:\/\/www.schmeling.de\/wordpress\/wp-content\/uploads\/2022\/11\/Nachspeise-768x768.jpg 768w, https:\/\/www.schmeling.de\/wordpress\/wp-content\/uploads\/2022\/11\/Nachspeise-120x120.jpg 120w, https:\/\/www.schmeling.de\/wordpress\/wp-content\/uploads\/2022\/11\/Nachspeise.jpg 850w\" sizes=\"auto, (max-width: 225px) 100vw, 225px\" \/>Fazit des Ganzen:<\/p>\n<ul>\n<li>Ein Sternekoch h\u00e4lt sich nicht ans Rezept<\/li>\n<li>Ein Sternekoch ist schneller, auch oder vielleicht gerade wenn 130 Haushalte gegen ihn antreten<\/li>\n<li>Man brauch ein wenig Erfahrung in der K\u00fcche, um \u00fcberhaupt mithalten zu k\u00f6nnen<\/li>\n<li>Lippen lesen und Bildsequenzen imaginieren geh\u00f6rt zu den Grundskills in einem Haushalt, der erst in einem Jahr Glasfaser bekommen wird<\/li>\n<li>Wenn auf dem Rezept 2 Siebe stehen, braucht man 7 St\u00fcck<\/li>\n<li>Es schadet nix, den Herd mit 2000V statt 230V zu betreiben, wenn er schnell genug warm werden soll. \ud83d\ude02<\/li>\n<\/ul>\n<p>Es hat lecker geschmeckt, aber nun muss erst einmal Erholung her.<\/p>\n","protected":false},"excerpt":{"rendered":"<p>Petra hatte beim Eismann einen Online-Live-Kochkurs mit Johann Lafer gewonnen und freute sich schon seit Wochen drauf. Mehrere T\u00fcten Tiefk\u00fchlware lagerten seit einigen Wochen in unserer K\u00fchlung, um nun zum Einsatz zu kommen. Penibel hat Petra alles am Morgen aufgetaut, bereitgestellt und die frischen Zutaten wie Zimt, Feldsalat, Dill, unbehandelte Zitronen etc. bereitgestellt. Um 17:20 [&hellip;]<\/p>\n","protected":false},"author":1,"featured_media":0,"comment_status":"closed","ping_status":"closed","sticky":false,"template":"","format":"standard","meta":{"footnotes":""},"categories":[1,1591],"tags":[2074,292,2065,316,2070,364,2071,2067,2068,1515,2064,696,905,2069,2072,2075,1809,2066,2073],"class_list":["post-3663","post","type-post","status-publish","format-standard","hentry","category-allgemein","category-diaet","tag-beeren","tag-eis","tag-eismann","tag-essen","tag-feldsalat","tag-fisch","tag-gnocchi","tag-johann-lafer","tag-kartoffelroesti","tag-kochen","tag-kochkirs","tag-kuche","tag-petra","tag-pfifferlinge","tag-speck","tag-sternekoch","tag-tablet","tag-webex","tag-zimtkekse"],"_links":{"self":[{"href":"https:\/\/www.schmeling.de\/wordpress\/wp-json\/wp\/v2\/posts\/3663","targetHints":{"allow":["GET"]}}],"collection":[{"href":"https:\/\/www.schmeling.de\/wordpress\/wp-json\/wp\/v2\/posts"}],"about":[{"href":"https:\/\/www.schmeling.de\/wordpress\/wp-json\/wp\/v2\/types\/post"}],"author":[{"embeddable":true,"href":"https:\/\/www.schmeling.de\/wordpress\/wp-json\/wp\/v2\/users\/1"}],"replies":[{"embeddable":true,"href":"https:\/\/www.schmeling.de\/wordpress\/wp-json\/wp\/v2\/comments?post=3663"}],"version-history":[{"count":1,"href":"https:\/\/www.schmeling.de\/wordpress\/wp-json\/wp\/v2\/posts\/3663\/revisions"}],"predecessor-version":[{"id":3668,"href":"https:\/\/www.schmeling.de\/wordpress\/wp-json\/wp\/v2\/posts\/3663\/revisions\/3668"}],"wp:attachment":[{"href":"https:\/\/www.schmeling.de\/wordpress\/wp-json\/wp\/v2\/media?parent=3663"}],"wp:term":[{"taxonomy":"category","embeddable":true,"href":"https:\/\/www.schmeling.de\/wordpress\/wp-json\/wp\/v2\/categories?post=3663"},{"taxonomy":"post_tag","embeddable":true,"href":"https:\/\/www.schmeling.de\/wordpress\/wp-json\/wp\/v2\/tags?post=3663"}],"curies":[{"name":"wp","href":"https:\/\/api.w.org\/{rel}","templated":true}]}}