{"id":3659,"date":"2022-07-31T15:00:25","date_gmt":"2022-07-31T13:00:25","guid":{"rendered":"https:\/\/www.schmeling.de\/wordpress\/?p=3659"},"modified":"2022-10-30T16:51:29","modified_gmt":"2022-10-30T15:51:29","slug":"tandemflug-aus-2000m-hoehe","status":"publish","type":"post","link":"https:\/\/www.schmeling.de\/wordpress\/blog\/2022\/07\/31\/tandemflug-aus-2000m-hoehe\/","title":{"rendered":"Tandemflug aus 2000m H\u00f6he"},"content":{"rendered":"<figure id=\"attachment_3661\" aria-describedby=\"caption-attachment-3661\" style=\"width: 300px\" class=\"wp-caption alignleft\"><img loading=\"lazy\" decoding=\"async\" class=\"size-medium wp-image-3661\" src=\"https:\/\/www.schmeling.de\/wordpress\/wp-content\/uploads\/2022\/07\/GOPR0496-300x225.jpg\" alt=\"\" width=\"300\" height=\"225\" srcset=\"https:\/\/www.schmeling.de\/wordpress\/wp-content\/uploads\/2022\/07\/GOPR0496-300x225.jpg 300w, https:\/\/www.schmeling.de\/wordpress\/wp-content\/uploads\/2022\/07\/GOPR0496-1024x768.jpg 1024w, https:\/\/www.schmeling.de\/wordpress\/wp-content\/uploads\/2022\/07\/GOPR0496-768x576.jpg 768w, https:\/\/www.schmeling.de\/wordpress\/wp-content\/uploads\/2022\/07\/GOPR0496-1536x1152.jpg 1536w, https:\/\/www.schmeling.de\/wordpress\/wp-content\/uploads\/2022\/07\/GOPR0496-2048x1536.jpg 2048w, https:\/\/www.schmeling.de\/wordpress\/wp-content\/uploads\/2022\/07\/GOPR0496-160x120.jpg 160w\" sizes=\"auto, (max-width: 300px) 100vw, 300px\" \/><figcaption id=\"caption-attachment-3661\" class=\"wp-caption-text\">DCIM100GOPROGOPR0496.JPG<\/figcaption><\/figure>\n<p>Nachdem Petra es ja schon vor 2 Jahren trotz H\u00f6henangst gewagt hatte vom Berg zufliegen, habe ich in diesem Jahr Armin angerufen. Am fr\u00fchen Morgen trafen wir uns an der Talstation der Penkenbahn und es ging zun\u00e4chst bei Nieselregen in 2000m H\u00f6he zum Penkenjoch. Dort liegt der Startplatz f\u00fcr Tandem-Gleitschirmflieger.<\/p>\n<p>Alle anderen haben wir erstmal starten lassen, bis der Nieselregen aufgeh\u00f6rt hat und dann ging es los. Rein in das Gurtgeschirr. Hinter mir hat Armin dann den Schirm ausgebreitet, die Schn\u00fcre sortiert und sich eingeklinkt. Bei idealem Wind hab ich dann das Zeichen bekommen &#8222;Lauf!&#8220; &#8211; Man kann ja gar nicht anders, als den Hang hinunter. F\u00fcr einen kurzen Moment wurden wir von dem aufsteigenden Schirm gebremst und im n\u00e4chsten Moment ging das Laufen noch ein paar Schritte und der Schwebeflug begann.<\/p>\n<p>Das war einfacher, als ich dachte. Und das hineinrutschen in den Tragesitz hat auch prima geklappt. Und dabei hatte ich w\u00e4hrend des Starts sogar noch die Teleskopstange von der GoPro in der Hand.<\/p>\n<p>Cool ! In 30 Minuten \u00fcber dem hinteren Zillertal und Mayrhofen bis zur Landung auf der Wieder hinter dem Hotel Ederlehen.<\/p>\n<p>Ich bekam den ganzen tag das Grinsen nicht mehr aus dem Gesicht. \ud83d\ude01<\/p>\n<p>Wer sowas auch einmal erleben m\u00f6chte und dabei nicht in die Massenabfertigung der lokal ans\u00e4ssigen Dauerflieger geraten m\u00f6chte, dem empfehle ich f\u00fcr einen ruhigen ersten Flug Armin Fankhauser (<a href=\"https:\/\/www.genuss-fankhauser.at\/\">https:\/\/www.genuss-fankhauser.at\/<\/a>).<\/p>\n<p>&nbsp;<\/p>\n<p>&nbsp;<\/p>\n<p>&nbsp;<\/p>\n<p>&nbsp;<\/p>\n","protected":false},"excerpt":{"rendered":"<p>Nachdem Petra es ja schon vor 2 Jahren trotz H\u00f6henangst gewagt hatte vom Berg zufliegen, habe ich in diesem Jahr Armin angerufen. Am fr\u00fchen Morgen trafen wir uns an der Talstation der Penkenbahn und es ging zun\u00e4chst bei Nieselregen in 2000m H\u00f6he zum Penkenjoch. Dort liegt der Startplatz f\u00fcr Tandem-Gleitschirmflieger. Alle anderen haben wir erstmal [&hellip;]<\/p>\n","protected":false},"author":1,"featured_media":0,"comment_status":"closed","ping_status":"closed","sticky":false,"template":"","format":"standard","meta":{"footnotes":""},"categories":[1],"tags":[],"class_list":["post-3659","post","type-post","status-publish","format-standard","hentry","category-allgemein"],"_links":{"self":[{"href":"https:\/\/www.schmeling.de\/wordpress\/wp-json\/wp\/v2\/posts\/3659","targetHints":{"allow":["GET"]}}],"collection":[{"href":"https:\/\/www.schmeling.de\/wordpress\/wp-json\/wp\/v2\/posts"}],"about":[{"href":"https:\/\/www.schmeling.de\/wordpress\/wp-json\/wp\/v2\/types\/post"}],"author":[{"embeddable":true,"href":"https:\/\/www.schmeling.de\/wordpress\/wp-json\/wp\/v2\/users\/1"}],"replies":[{"embeddable":true,"href":"https:\/\/www.schmeling.de\/wordpress\/wp-json\/wp\/v2\/comments?post=3659"}],"version-history":[{"count":2,"href":"https:\/\/www.schmeling.de\/wordpress\/wp-json\/wp\/v2\/posts\/3659\/revisions"}],"predecessor-version":[{"id":3662,"href":"https:\/\/www.schmeling.de\/wordpress\/wp-json\/wp\/v2\/posts\/3659\/revisions\/3662"}],"wp:attachment":[{"href":"https:\/\/www.schmeling.de\/wordpress\/wp-json\/wp\/v2\/media?parent=3659"}],"wp:term":[{"taxonomy":"category","embeddable":true,"href":"https:\/\/www.schmeling.de\/wordpress\/wp-json\/wp\/v2\/categories?post=3659"},{"taxonomy":"post_tag","embeddable":true,"href":"https:\/\/www.schmeling.de\/wordpress\/wp-json\/wp\/v2\/tags?post=3659"}],"curies":[{"name":"wp","href":"https:\/\/api.w.org\/{rel}","templated":true}]}}