{"id":3651,"date":"2022-10-17T12:00:10","date_gmt":"2022-10-17T10:00:10","guid":{"rendered":"https:\/\/www.schmeling.de\/wordpress\/?p=3651"},"modified":"2022-10-30T13:22:28","modified_gmt":"2022-10-30T12:22:28","slug":"lars-hat-jetzt-auch-einen-podcast","status":"publish","type":"post","link":"https:\/\/www.schmeling.de\/wordpress\/blog\/2022\/10\/17\/lars-hat-jetzt-auch-einen-podcast\/","title":{"rendered":"Lars hat jetzt auch einen Podcast"},"content":{"rendered":"<p>Lars hat mich einige Wochen lang genervt, er m\u00f6chte auch endlich mal einen Podcast machen, so wie fast die H\u00e4lfte seiner Klasse. Als ich denn mal nachgefragt habe, wo man denn all diese Podcasts finden kann, m\u00fcssen sich so 90% der Podcasts in Luft aufgel\u00f6st haben und die verbliebenen waren nicht aufzufinden.<\/p>\n<p>Aber wenn ich mich richtig erinnere habe ich auch in diesem zarten Alter mit meinem Cassettenradio angefangen und meine Freunde damit bespa\u00dft.<\/p>\n<p>Lars hat sich also f\u00fcr die ersten 4 Folgen seinen Kumpel Leif eingeladen und ich habe ein wenig bei der Aufzeichnung geholfen. Nun ist er da: Der erste Podcast &#8222;Im Visier der Pubert\u00e4t&#8220;.<\/p>\n<p>Unter\u00a0<a href=\"https:\/\/anchor.fm\/lars-schmeling\">https:\/\/anchor.fm\/lars-schmeling<\/a> ist Lars nun jeden Sonntag ab 12 Uhr mit einer neuen Folge zu h\u00f6ren.<\/p>\n","protected":false},"excerpt":{"rendered":"<p>Lars hat mich einige Wochen lang genervt, er m\u00f6chte auch endlich mal einen Podcast machen, so wie fast die H\u00e4lfte seiner Klasse. Als ich denn mal nachgefragt habe, wo man denn all diese Podcasts finden kann, m\u00fcssen sich so 90% der Podcasts in Luft aufgel\u00f6st haben und die verbliebenen waren nicht aufzufinden. Aber wenn ich [&hellip;]<\/p>\n","protected":false},"author":1,"featured_media":0,"comment_status":"closed","ping_status":"closed","sticky":false,"template":"","format":"standard","meta":{"footnotes":""},"categories":[1],"tags":[],"class_list":["post-3651","post","type-post","status-publish","format-standard","hentry","category-allgemein"],"_links":{"self":[{"href":"https:\/\/www.schmeling.de\/wordpress\/wp-json\/wp\/v2\/posts\/3651","targetHints":{"allow":["GET"]}}],"collection":[{"href":"https:\/\/www.schmeling.de\/wordpress\/wp-json\/wp\/v2\/posts"}],"about":[{"href":"https:\/\/www.schmeling.de\/wordpress\/wp-json\/wp\/v2\/types\/post"}],"author":[{"embeddable":true,"href":"https:\/\/www.schmeling.de\/wordpress\/wp-json\/wp\/v2\/users\/1"}],"replies":[{"embeddable":true,"href":"https:\/\/www.schmeling.de\/wordpress\/wp-json\/wp\/v2\/comments?post=3651"}],"version-history":[{"count":1,"href":"https:\/\/www.schmeling.de\/wordpress\/wp-json\/wp\/v2\/posts\/3651\/revisions"}],"predecessor-version":[{"id":3652,"href":"https:\/\/www.schmeling.de\/wordpress\/wp-json\/wp\/v2\/posts\/3651\/revisions\/3652"}],"wp:attachment":[{"href":"https:\/\/www.schmeling.de\/wordpress\/wp-json\/wp\/v2\/media?parent=3651"}],"wp:term":[{"taxonomy":"category","embeddable":true,"href":"https:\/\/www.schmeling.de\/wordpress\/wp-json\/wp\/v2\/categories?post=3651"},{"taxonomy":"post_tag","embeddable":true,"href":"https:\/\/www.schmeling.de\/wordpress\/wp-json\/wp\/v2\/tags?post=3651"}],"curies":[{"name":"wp","href":"https:\/\/api.w.org\/{rel}","templated":true}]}}