{"id":3629,"date":"2020-06-11T22:22:00","date_gmt":"2020-06-11T20:22:00","guid":{"rendered":"http:\/\/www.schmeling.de\/wordpress\/?p=3629"},"modified":"2020-06-12T22:31:31","modified_gmt":"2020-06-12T20:31:31","slug":"home-office","status":"publish","type":"post","link":"https:\/\/www.schmeling.de\/wordpress\/blog\/2020\/06\/11\/home-office\/","title":{"rendered":"Home-Office"},"content":{"rendered":"\n<p>Seit Mitte M\u00e4rz sitze ich nun im Home-Office. Der Weg ist erstaunlich kurz, weshalb ich sehr schnell im B\u00fcro bin und auch ggf. schnell wieder zuhause. Meine Erfahrungen damit sind vielf\u00e4ltig. <\/p>\n\n\n\n<ul class=\"wp-block-list\"><li>Der Arbeitsweg ist erschreckend kurz<\/li><li>Wer fr\u00fch anf\u00e4ngt, macht doch irgendwie Schluss wie immer<\/li><li>Die Kommunikation mit den geeigneten Tools geht echt prima \u00fcbers Internet<\/li><li>Im Home-Office isst man mehr und bewegt sich weniger<\/li><li>Es gibt teilweise mehr Redebedarf. Wie gut, dass ich ein Headset habe.<\/li><li>Irgendwie habe ich weniger Bedarf an Pause. Ich brauche einen Wecker<\/li><li>Ich bin m\u00fcder nach einer Woche als sonst<\/li><li>Ich muss mich zwingen, den Kochk\u00fcnsten meiner Tochter zu widerstehen, will ich mich gesund ern\u00e4hren.<\/li><\/ul>\n","protected":false},"excerpt":{"rendered":"<p>Seit Mitte M\u00e4rz sitze ich nun im Home-Office. Der Weg ist erstaunlich kurz, weshalb ich sehr schnell im B\u00fcro bin und auch ggf. schnell wieder zuhause. Meine Erfahrungen damit sind vielf\u00e4ltig. Der Arbeitsweg ist erschreckend kurz Wer fr\u00fch anf\u00e4ngt, macht doch irgendwie Schluss wie immer Die Kommunikation mit den geeigneten Tools geht echt prima \u00fcbers [&hellip;]<\/p>\n","protected":false},"author":1,"featured_media":0,"comment_status":"closed","ping_status":"closed","sticky":false,"template":"","format":"standard","meta":{"footnotes":""},"categories":[1],"tags":[50,2054,2053,2056,674,2055,2057],"class_list":["post-3629","post","type-post","status-publish","format-standard","hentry","category-allgemein","tag-arbeit","tag-buero","tag-homeoffice","tag-internet","tag-kommunikation","tag-tools","tag-zuhause"],"_links":{"self":[{"href":"https:\/\/www.schmeling.de\/wordpress\/wp-json\/wp\/v2\/posts\/3629","targetHints":{"allow":["GET"]}}],"collection":[{"href":"https:\/\/www.schmeling.de\/wordpress\/wp-json\/wp\/v2\/posts"}],"about":[{"href":"https:\/\/www.schmeling.de\/wordpress\/wp-json\/wp\/v2\/types\/post"}],"author":[{"embeddable":true,"href":"https:\/\/www.schmeling.de\/wordpress\/wp-json\/wp\/v2\/users\/1"}],"replies":[{"embeddable":true,"href":"https:\/\/www.schmeling.de\/wordpress\/wp-json\/wp\/v2\/comments?post=3629"}],"version-history":[{"count":1,"href":"https:\/\/www.schmeling.de\/wordpress\/wp-json\/wp\/v2\/posts\/3629\/revisions"}],"predecessor-version":[{"id":3630,"href":"https:\/\/www.schmeling.de\/wordpress\/wp-json\/wp\/v2\/posts\/3629\/revisions\/3630"}],"wp:attachment":[{"href":"https:\/\/www.schmeling.de\/wordpress\/wp-json\/wp\/v2\/media?parent=3629"}],"wp:term":[{"taxonomy":"category","embeddable":true,"href":"https:\/\/www.schmeling.de\/wordpress\/wp-json\/wp\/v2\/categories?post=3629"},{"taxonomy":"post_tag","embeddable":true,"href":"https:\/\/www.schmeling.de\/wordpress\/wp-json\/wp\/v2\/tags?post=3629"}],"curies":[{"name":"wp","href":"https:\/\/api.w.org\/{rel}","templated":true}]}}