{"id":3627,"date":"2020-05-04T22:18:00","date_gmt":"2020-05-04T20:18:00","guid":{"rendered":"http:\/\/www.schmeling.de\/wordpress\/?p=3627"},"modified":"2020-06-12T22:22:31","modified_gmt":"2020-06-12T20:22:31","slug":"knabenchor-konzertchor","status":"publish","type":"post","link":"https:\/\/www.schmeling.de\/wordpress\/blog\/2020\/05\/04\/knabenchor-konzertchor\/","title":{"rendered":"Knabenchor Konzertchor"},"content":{"rendered":"\n<p>In dieser ungew\u00f6hnlichen Zeit geschehen au\u00dfergew\u00f6hnliche Dinge: Lars ist nach wenigen Monaten im Nachwuchschor nun in den Konzertchor des Kieler Knabenchores gewechselt. Derzeit finden Proben, Elternabend und Treffen nur virtuell statt. Je nach Besserung der Pandemie-Situation kann es sein, dass der Chor schon im Herbst das erste Konzert anstreben kann. Lars hat ein Vorstellungsvideo gedreht und an die den Chorleiter zur Weitergabe gesendet. <\/p>\n","protected":false},"excerpt":{"rendered":"<p>In dieser ungew\u00f6hnlichen Zeit geschehen au\u00dfergew\u00f6hnliche Dinge: Lars ist nach wenigen Monaten im Nachwuchschor nun in den Konzertchor des Kieler Knabenchores gewechselt. Derzeit finden Proben, Elternabend und Treffen nur virtuell statt. Je nach Besserung der Pandemie-Situation kann es sein, dass der Chor schon im Herbst das erste Konzert anstreben kann. Lars hat ein Vorstellungsvideo gedreht [&hellip;]<\/p>\n","protected":false},"author":1,"featured_media":0,"comment_status":"closed","ping_status":"closed","sticky":false,"template":"","format":"standard","meta":{"footnotes":""},"categories":[1],"tags":[2049,2050,2051,2052],"class_list":["post-3627","post","type-post","status-publish","format-standard","hentry","category-allgemein","tag-knabenchor","tag-konzertchor","tag-lars-schmeling","tag-virtuelle-chorprobe"],"_links":{"self":[{"href":"https:\/\/www.schmeling.de\/wordpress\/wp-json\/wp\/v2\/posts\/3627","targetHints":{"allow":["GET"]}}],"collection":[{"href":"https:\/\/www.schmeling.de\/wordpress\/wp-json\/wp\/v2\/posts"}],"about":[{"href":"https:\/\/www.schmeling.de\/wordpress\/wp-json\/wp\/v2\/types\/post"}],"author":[{"embeddable":true,"href":"https:\/\/www.schmeling.de\/wordpress\/wp-json\/wp\/v2\/users\/1"}],"replies":[{"embeddable":true,"href":"https:\/\/www.schmeling.de\/wordpress\/wp-json\/wp\/v2\/comments?post=3627"}],"version-history":[{"count":1,"href":"https:\/\/www.schmeling.de\/wordpress\/wp-json\/wp\/v2\/posts\/3627\/revisions"}],"predecessor-version":[{"id":3628,"href":"https:\/\/www.schmeling.de\/wordpress\/wp-json\/wp\/v2\/posts\/3627\/revisions\/3628"}],"wp:attachment":[{"href":"https:\/\/www.schmeling.de\/wordpress\/wp-json\/wp\/v2\/media?parent=3627"}],"wp:term":[{"taxonomy":"category","embeddable":true,"href":"https:\/\/www.schmeling.de\/wordpress\/wp-json\/wp\/v2\/categories?post=3627"},{"taxonomy":"post_tag","embeddable":true,"href":"https:\/\/www.schmeling.de\/wordpress\/wp-json\/wp\/v2\/tags?post=3627"}],"curies":[{"name":"wp","href":"https:\/\/api.w.org\/{rel}","templated":true}]}}