{"id":3606,"date":"2020-01-17T22:00:46","date_gmt":"2020-01-17T21:00:46","guid":{"rendered":"http:\/\/www.schmeling.de\/wordpress\/?p=3606"},"modified":"2020-01-19T20:36:39","modified_gmt":"2020-01-19T19:36:39","slug":"vorlesewettbewerb","status":"publish","type":"post","link":"https:\/\/www.schmeling.de\/wordpress\/blog\/2020\/01\/17\/vorlesewettbewerb\/","title":{"rendered":"Vorlesewettbewerb"},"content":{"rendered":"<p>Sophie hat den Vorlesewettbewerb der Klasse gewonnen!<\/p>\n<p><img loading=\"lazy\" decoding=\"async\" class=\"alignleft size-medium wp-image-3607\" src=\"http:\/\/www.schmeling.de\/wordpress\/wp-content\/uploads\/2020\/01\/IMG-20200119-WA0000-225x300.jpg\" alt=\"\" width=\"225\" height=\"300\" srcset=\"https:\/\/www.schmeling.de\/wordpress\/wp-content\/uploads\/2020\/01\/IMG-20200119-WA0000-225x300.jpg 225w, https:\/\/www.schmeling.de\/wordpress\/wp-content\/uploads\/2020\/01\/IMG-20200119-WA0000-768x1024.jpg 768w, https:\/\/www.schmeling.de\/wordpress\/wp-content\/uploads\/2020\/01\/IMG-20200119-WA0000-1152x1536.jpg 1152w, https:\/\/www.schmeling.de\/wordpress\/wp-content\/uploads\/2020\/01\/IMG-20200119-WA0000-90x120.jpg 90w, https:\/\/www.schmeling.de\/wordpress\/wp-content\/uploads\/2020\/01\/IMG-20200119-WA0000.jpg 1200w\" sizes=\"auto, (max-width: 225px) 100vw, 225px\" \/>Letzte Woche erfuhren wir wie beil\u00e4ufig, sie h\u00e4tte sich beim Wettbewerb angemeldet. Den Kindern stand es wohl frei, sich dazu anzumelden. Wir haben im Nachhinein davon erfahren. Lars hatte keine Lust dazu, weil er nach eigenen Angaben nicht gern liest. Sophies Vorlesekunst ist uns schon \u00f6fter mal aufgefallen, aber dass sie sich selbst so einsch\u00e4tzt, dass sie an diesem Wettbewerb teilnehmen kann, h\u00e4tten wir nicht geahnt.<\/p>\n<p>Nun ist sie eine von zweien, die gegen die Sieger der anderen dritten Klasse antreten sollen und evtl noch weiter mit anderen Schulen in einen Wettbewerb treten d\u00fcrfen.<\/p>\n<p>Wir freuen uns f\u00fcr Sophie.<\/p>\n","protected":false},"excerpt":{"rendered":"<p>Sophie hat den Vorlesewettbewerb der Klasse gewonnen! Letzte Woche erfuhren wir wie beil\u00e4ufig, sie h\u00e4tte sich beim Wettbewerb angemeldet. Den Kindern stand es wohl frei, sich dazu anzumelden. Wir haben im Nachhinein davon erfahren. Lars hatte keine Lust dazu, weil er nach eigenen Angaben nicht gern liest. Sophies Vorlesekunst ist uns schon \u00f6fter mal aufgefallen, [&hellip;]<\/p>\n","protected":false},"author":1,"featured_media":0,"comment_status":"closed","ping_status":"closed","sticky":false,"template":"","format":"standard","meta":{"footnotes":""},"categories":[5],"tags":[459,2038,2040,741,1907,1146,1343,2039,1389],"class_list":["post-3606","post","type-post","status-publish","format-standard","hentry","category-kinder","tag-gewinn","tag-klasse","tag-klassenbeste","tag-lesen","tag-schule","tag-sophie","tag-vorlesen","tag-vorlesewettbewerb","tag-wettbewerb"],"_links":{"self":[{"href":"https:\/\/www.schmeling.de\/wordpress\/wp-json\/wp\/v2\/posts\/3606","targetHints":{"allow":["GET"]}}],"collection":[{"href":"https:\/\/www.schmeling.de\/wordpress\/wp-json\/wp\/v2\/posts"}],"about":[{"href":"https:\/\/www.schmeling.de\/wordpress\/wp-json\/wp\/v2\/types\/post"}],"author":[{"embeddable":true,"href":"https:\/\/www.schmeling.de\/wordpress\/wp-json\/wp\/v2\/users\/1"}],"replies":[{"embeddable":true,"href":"https:\/\/www.schmeling.de\/wordpress\/wp-json\/wp\/v2\/comments?post=3606"}],"version-history":[{"count":1,"href":"https:\/\/www.schmeling.de\/wordpress\/wp-json\/wp\/v2\/posts\/3606\/revisions"}],"predecessor-version":[{"id":3608,"href":"https:\/\/www.schmeling.de\/wordpress\/wp-json\/wp\/v2\/posts\/3606\/revisions\/3608"}],"wp:attachment":[{"href":"https:\/\/www.schmeling.de\/wordpress\/wp-json\/wp\/v2\/media?parent=3606"}],"wp:term":[{"taxonomy":"category","embeddable":true,"href":"https:\/\/www.schmeling.de\/wordpress\/wp-json\/wp\/v2\/categories?post=3606"},{"taxonomy":"post_tag","embeddable":true,"href":"https:\/\/www.schmeling.de\/wordpress\/wp-json\/wp\/v2\/tags?post=3606"}],"curies":[{"name":"wp","href":"https:\/\/api.w.org\/{rel}","templated":true}]}}