{"id":3575,"date":"2019-12-22T12:42:00","date_gmt":"2019-12-22T11:42:00","guid":{"rendered":"http:\/\/www.schmeling.de\/wordpress\/?p=3575"},"modified":"2020-01-19T14:37:41","modified_gmt":"2020-01-19T13:37:41","slug":"weihnachts-zentrale","status":"publish","type":"post","link":"https:\/\/www.schmeling.de\/wordpress\/blog\/2019\/12\/22\/weihnachts-zentrale\/","title":{"rendered":"Weihnachts-Zentrale"},"content":{"rendered":"\r\n<p>Zum ersten Mal haben wir es gewagt, mit den Kindern nach Berlin zu fahren. Weihnachtsstimmung tanken!<\/p>\r\n<p>Wie in den vergangenen Jahren sind wir in Charlottenburg im <a href=\"https:\/\/www.hotel-rotdorn.de\/\">Hotel Rotdorn<\/a> eingekehrt. Ein tolles Zimmer unter dem Dach f\u00fcr uns vier! Nat\u00fcrlich haben wir auch mal im Netz nach Alternativen Ausschau gehalten, aber da w\u00e4ren wir vom Preis nahezu auf den gleichen Wert gekommen und h\u00e4tten unter Umst\u00e4nden massive Abschl\u00e4ge beim Komfort machen m\u00fcssen.<\/p>\r\n<p>\r\n\r\n<\/p>\r\n<p>Uns erwartete in gewohnter Form ein weihnachtlich geschm\u00fccktes Haus und ein gem\u00fctliches Bett. Mehr braucht es ja nicht, wenn man nach Berlin f\u00e4hrt, um Weihnachtsm\u00e4rkte zu sehen. Noch am ersten Abend haben wir den Breitscheidplatz um die Ged\u00e4chtniskirche und das Brandenburger Tor besucht.<\/p>\r\n<p><a href=\"http:\/\/www.schmeling.de\/wordpress\/wp-content\/uploads\/2020\/01\/IMG_20191220_213139597a.jpg\"><img loading=\"lazy\" decoding=\"async\" class=\"size-full wp-image-3582 alignleft\" src=\"http:\/\/www.schmeling.de\/wordpress\/wp-content\/uploads\/2020\/01\/IMG_20191220_213139597a.jpg\" alt=\"\" width=\"300\" height=\"225\" srcset=\"https:\/\/www.schmeling.de\/wordpress\/wp-content\/uploads\/2020\/01\/IMG_20191220_213139597a.jpg 300w, https:\/\/www.schmeling.de\/wordpress\/wp-content\/uploads\/2020\/01\/IMG_20191220_213139597a-160x120.jpg 160w\" sizes=\"auto, (max-width: 300px) 100vw, 300px\" \/><\/a><\/p>\r\n<p>Noch am ersten Abend haben wir den Breitscheidplatz um die Ged\u00e4chtniskirche und das Brandenburger Tor besucht.<\/p>\r\n<p>Am Folgetag erwartete uns ein strammes Weihnachtsprogramm:<\/p>\r\n<p>M\u00e4rkte rund um den Alexanderplatz, die Shopping-Mall Alexa, wo wir uns mit Jan getroffen haben, ein Besuch beim <a href=\"http:\/\/www.wehrmeister-moden.de\/\">XXL-Shop Wehrmeister in der Karl-Liebknecht-Stra\u00dfe<\/a> und der Weihnachtsmarkt am roten Rathaus.<\/p>\r\n<p>Nat\u00fcrlich durften Fotos an der Weltzeituhr, dem Weihnachtsmann und dem Fernsehturm-Maskottchen Turmi nicht fehlen.<\/p>\r\n<table border=\"0\">\r\n<tbody>\r\n<tr>\r\n<td><img loading=\"lazy\" decoding=\"async\" class=\"size-full wp-image-3585 alignleft\" src=\"http:\/\/www.schmeling.de\/wordpress\/wp-content\/uploads\/2019\/12\/IMG_20191221_114552736_HDRa.jpg\" alt=\"\" width=\"300\" height=\"225\" srcset=\"https:\/\/www.schmeling.de\/wordpress\/wp-content\/uploads\/2019\/12\/IMG_20191221_114552736_HDRa.jpg 300w, https:\/\/www.schmeling.de\/wordpress\/wp-content\/uploads\/2019\/12\/IMG_20191221_114552736_HDRa-160x120.jpg 160w\" sizes=\"auto, (max-width: 300px) 100vw, 300px\" \/><\/td>\r\n<td><img loading=\"lazy\" decoding=\"async\" class=\"aligncenter size-full wp-image-3583\" src=\"http:\/\/www.schmeling.de\/wordpress\/wp-content\/uploads\/2020\/01\/IMG_20191221_132646169_HDRa.jpg\" alt=\"\" width=\"300\" height=\"225\" srcset=\"https:\/\/www.schmeling.de\/wordpress\/wp-content\/uploads\/2020\/01\/IMG_20191221_132646169_HDRa.jpg 300w, https:\/\/www.schmeling.de\/wordpress\/wp-content\/uploads\/2020\/01\/IMG_20191221_132646169_HDRa-160x120.jpg 160w\" sizes=\"auto, (max-width: 300px) 100vw, 300px\" \/><\/td>\r\n<td><img loading=\"lazy\" decoding=\"async\" class=\"aligncenter size-medium wp-image-3581\" src=\"http:\/\/www.schmeling.de\/wordpress\/wp-content\/uploads\/2020\/01\/20191221_133454a-188x300.jpg\" alt=\"\" width=\"188\" height=\"300\" srcset=\"https:\/\/www.schmeling.de\/wordpress\/wp-content\/uploads\/2020\/01\/20191221_133454a-188x300.jpg 188w, https:\/\/www.schmeling.de\/wordpress\/wp-content\/uploads\/2020\/01\/20191221_133454a-75x120.jpg 75w, https:\/\/www.schmeling.de\/wordpress\/wp-content\/uploads\/2020\/01\/20191221_133454a.jpg 200w\" sizes=\"auto, (max-width: 188px) 100vw, 188px\" \/><\/td>\r\n<\/tr>\r\n<\/tbody>\r\n<\/table>\r\n<p>Der Weihnachtsmarkt in Spandau war f\u00fcr uns als Zuschauer der Weihnachts-Serie &#8222;Beutolom\u00e4us und der wahre Weihnachtsmann&#8220; nat\u00fcrlich besonders interessant, denn hier wurden einige Szenen mit Sascha und Beuto gedreht.\u00a0<\/p>\r\n<p>Am Sonntag haben wir dann noch den Reichstag besucht und und mit einer echten Berliner Currywurst gest\u00e4rkt auf den R\u00fcckweg gemacht.\u00a0<\/p>","protected":false},"excerpt":{"rendered":"<p>Zum ersten Mal haben wir es gewagt, mit den Kindern nach Berlin zu fahren. Weihnachtsstimmung tanken! Wie in den vergangenen Jahren sind wir in Charlottenburg im Hotel Rotdorn eingekehrt. Ein tolles Zimmer unter dem Dach f\u00fcr uns vier! Nat\u00fcrlich haben wir auch mal im Netz nach Alternativen Ausschau gehalten, aber da w\u00e4ren wir vom Preis [&hellip;]<\/p>\n","protected":false},"author":1,"featured_media":0,"comment_status":"closed","ping_status":"closed","sticky":false,"template":"","format":"standard","meta":{"footnotes":""},"categories":[1],"tags":[1867,2037,1881,1379],"class_list":["post-3575","post","type-post","status-publish","format-standard","hentry","category-allgemein","tag-berlin","tag-beutolomaeus","tag-ferien","tag-weihnachtsmarkt"],"_links":{"self":[{"href":"https:\/\/www.schmeling.de\/wordpress\/wp-json\/wp\/v2\/posts\/3575","targetHints":{"allow":["GET"]}}],"collection":[{"href":"https:\/\/www.schmeling.de\/wordpress\/wp-json\/wp\/v2\/posts"}],"about":[{"href":"https:\/\/www.schmeling.de\/wordpress\/wp-json\/wp\/v2\/types\/post"}],"author":[{"embeddable":true,"href":"https:\/\/www.schmeling.de\/wordpress\/wp-json\/wp\/v2\/users\/1"}],"replies":[{"embeddable":true,"href":"https:\/\/www.schmeling.de\/wordpress\/wp-json\/wp\/v2\/comments?post=3575"}],"version-history":[{"count":6,"href":"https:\/\/www.schmeling.de\/wordpress\/wp-json\/wp\/v2\/posts\/3575\/revisions"}],"predecessor-version":[{"id":3595,"href":"https:\/\/www.schmeling.de\/wordpress\/wp-json\/wp\/v2\/posts\/3575\/revisions\/3595"}],"wp:attachment":[{"href":"https:\/\/www.schmeling.de\/wordpress\/wp-json\/wp\/v2\/media?parent=3575"}],"wp:term":[{"taxonomy":"category","embeddable":true,"href":"https:\/\/www.schmeling.de\/wordpress\/wp-json\/wp\/v2\/categories?post=3575"},{"taxonomy":"post_tag","embeddable":true,"href":"https:\/\/www.schmeling.de\/wordpress\/wp-json\/wp\/v2\/tags?post=3575"}],"curies":[{"name":"wp","href":"https:\/\/api.w.org\/{rel}","templated":true}]}}