{"id":3411,"date":"2017-09-06T22:00:48","date_gmt":"2017-09-06T20:00:48","guid":{"rendered":"http:\/\/www.schmeling.de\/wordpress\/?p=3411"},"modified":"2018-01-09T21:56:36","modified_gmt":"2018-01-09T20:56:36","slug":"einschulung","status":"publish","type":"post","link":"https:\/\/www.schmeling.de\/wordpress\/blog\/2017\/09\/06\/einschulung\/","title":{"rendered":"Einschulung"},"content":{"rendered":"<p><img decoding=\"async\" src=\"http:\/\/www.schmeling.de\/images\/P1010445a.jpg\" alt=\"Lars und Sophie bei der Einschulung\" \/><\/p>\n<p>Nun ist es endlich so weit. Ein neuer Lebensabschnit steht an. Seit August haben Lars und Sophie zum Teil schon die Betreuung unsicher gemacht und nun beginnt der &#8222;Ernst des Lebens&#8220; &#8211; Aber wer ist eigentlich dieser Ernst und warum sind sooo viele Kinder und sooo viele Eltern in dieser kleinen Turnhalle ??!<\/p>\n<p>Aber der Reihe nach: In Begleitung von Oma Ilse, Oma Birgit, Opa Wolfgang, Petra und mir geht es f\u00fcr Lars und Sophie in die Schule. Die riesigen Schult\u00fcten stolz im Arm und die Schulranzen noch eine Weile bei uns geparkt. Unterwegs sieht man sie aus allen Ecken str\u00f6men: Die neuen Schulkinder. stolz tragen sie ihre Schult\u00fcten und streben fr\u00f6hlich der Turnhalle der Grundschule entgegen, deren erste Bankreihen f\u00fcr die ABC-Sch\u00fctzen reserviert sind.<\/p>\n<p>W\u00e4hrend Lars und Sophie sich souver\u00e4n allein auf ihre Ehrenpl\u00e4tze begeben, gibt es MItsch\u00fcler, die diese Menschenmassen allein ohne die Entern, die gr\u00f6\u00dftenteils noch Stehpl\u00e4tze in den hinteren Reihen bekommen nicht gut ertragen.<\/p>\n<p>Die zweiten Klassen singen ein Lied, die Theater AG f\u00fchrt ein St\u00fcck auf, die Schulleiterin spricht \u00fcber den &#8222;Ernst des Lebens&#8220; und stellt die Klassenlehrerinnen vor, die sogleich die Klassen zusammenrufen und schon geht das Blitzlichtgewitter los. Schlimmer kann es Politikern auch nicht gehen. Digitalkameras piepsen ihr &#8222;klick&#8220; heraus, Profikameras shooten um die Wette und Camcorder werden in den Anschlag gebracht. Nun ja. Ich selbst habe in der Erwartung der perfekten Bilder auch so etwa 200 Fotos gemacht \ud83d\ude42<\/p>\n<p>Die frisch gebackenen Sch\u00fcler d\u00fcrfen zum ersten Mal mit ihren Lehrerinnen in die Klassen und haben die erste Stunde Unterricht.<\/p>\n<p>Was f\u00fcr ein Tag ! Ab heute geht es nun weiter mit t\u00e4glich 4 Stunden mit anschlie\u00dfender Betreuung. Den Stundenplan gab es gleich mit (Ich habe ihn in Bildersprache \u00fcbersetzt).<\/p>\n<p>&nbsp;<\/p>\n","protected":false},"excerpt":{"rendered":"<p>Nun ist es endlich so weit. Ein neuer Lebensabschnit steht an. Seit August haben Lars und Sophie zum Teil schon die Betreuung unsicher gemacht und nun beginnt der &#8222;Ernst des Lebens&#8220; &#8211; Aber wer ist eigentlich dieser Ernst und warum sind sooo viele Kinder und sooo viele Eltern in dieser kleinen Turnhalle ??! Aber der [&hellip;]<\/p>\n","protected":false},"author":1,"featured_media":0,"comment_status":"closed","ping_status":"open","sticky":false,"template":"","format":"standard","meta":{"footnotes":""},"categories":[5],"tags":[1910,1905,1911,1907,1906,1909,1908],"class_list":["post-3411","post","type-post","status-publish","format-standard","hentry","category-kinder","tag-betreuung","tag-einschulung","tag-erster-schultag","tag-schule","tag-schultuete","tag-theater-ag","tag-turnhalle"],"_links":{"self":[{"href":"https:\/\/www.schmeling.de\/wordpress\/wp-json\/wp\/v2\/posts\/3411","targetHints":{"allow":["GET"]}}],"collection":[{"href":"https:\/\/www.schmeling.de\/wordpress\/wp-json\/wp\/v2\/posts"}],"about":[{"href":"https:\/\/www.schmeling.de\/wordpress\/wp-json\/wp\/v2\/types\/post"}],"author":[{"embeddable":true,"href":"https:\/\/www.schmeling.de\/wordpress\/wp-json\/wp\/v2\/users\/1"}],"replies":[{"embeddable":true,"href":"https:\/\/www.schmeling.de\/wordpress\/wp-json\/wp\/v2\/comments?post=3411"}],"version-history":[{"count":2,"href":"https:\/\/www.schmeling.de\/wordpress\/wp-json\/wp\/v2\/posts\/3411\/revisions"}],"predecessor-version":[{"id":3464,"href":"https:\/\/www.schmeling.de\/wordpress\/wp-json\/wp\/v2\/posts\/3411\/revisions\/3464"}],"wp:attachment":[{"href":"https:\/\/www.schmeling.de\/wordpress\/wp-json\/wp\/v2\/media?parent=3411"}],"wp:term":[{"taxonomy":"category","embeddable":true,"href":"https:\/\/www.schmeling.de\/wordpress\/wp-json\/wp\/v2\/categories?post=3411"},{"taxonomy":"post_tag","embeddable":true,"href":"https:\/\/www.schmeling.de\/wordpress\/wp-json\/wp\/v2\/tags?post=3411"}],"curies":[{"name":"wp","href":"https:\/\/api.w.org\/{rel}","templated":true}]}}