{"id":3369,"date":"2016-11-06T22:00:47","date_gmt":"2016-11-06T21:00:47","guid":{"rendered":"http:\/\/www.schmeling.de\/wordpress\/?p=3369"},"modified":"2018-01-06T22:13:39","modified_gmt":"2018-01-06T21:13:39","slug":"terrassenueberdachung","status":"publish","type":"post","link":"https:\/\/www.schmeling.de\/wordpress\/blog\/2016\/11\/06\/terrassenueberdachung\/","title":{"rendered":"Terrassen\u00fcberdachung"},"content":{"rendered":"<p><a href=\"http:\/\/www.schmeling.de\/wordpress\/wp-content\/uploads\/2017\/05\/Terrasse1.jpg\"><img loading=\"lazy\" decoding=\"async\" class=\"aligncenter size-medium wp-image-3372\" src=\"http:\/\/www.schmeling.de\/wordpress\/wp-content\/uploads\/2017\/05\/Terrasse1-169x300.jpg\" alt=\"\" width=\"169\" height=\"300\" srcset=\"https:\/\/www.schmeling.de\/wordpress\/wp-content\/uploads\/2017\/05\/Terrasse1-169x300.jpg 169w, https:\/\/www.schmeling.de\/wordpress\/wp-content\/uploads\/2017\/05\/Terrasse1-68x120.jpg 68w, https:\/\/www.schmeling.de\/wordpress\/wp-content\/uploads\/2017\/05\/Terrasse1.jpg 300w\" sizes=\"auto, (max-width: 169px) 100vw, 169px\" \/><\/a>Unsere Terrasse wird \u00fcberdacht. Mit ein wenig Holz, Schrauben und Makrolon wird trotz eisiger K\u00e4lte in wenigen Wochen aus unserer Terrasse ein \u00fcberdachter Freisitz mit freiem Blick in den Himmel. Jeden Nachmittag nutzen wir die wenigen Minuten bis Sonnenuntergang, um ein wenig daran weiterzumachen, w\u00e4hrend der eiskalte Regen uns nach und nach in die Kleidung l\u00e4uft&#8230;<\/p>\n<p>Ja, es ist Herbst, Aber wegen unseres Sommerurlaubs haben wir diesen Sommer keine Hausbaustelle haben wollen.<\/p>\n<p>&nbsp;<\/p>\n","protected":false},"excerpt":{"rendered":"<p>Unsere Terrasse bekommt ein Dach<\/p>\n","protected":false},"author":1,"featured_media":0,"comment_status":"closed","ping_status":"open","sticky":false,"template":"","format":"standard","meta":{"footnotes":""},"categories":[2,4,6],"tags":[229,1858,525,1857,1856,978,1255,1315],"class_list":["post-3369","post","type-post","status-publish","format-standard","hentry","category-bauarbeiten","category-garten","category-haus","tag-dach","tag-freier-blick","tag-herbst","tag-holz","tag-makrolon","tag-regen","tag-terrasse","tag-urlaub"],"_links":{"self":[{"href":"https:\/\/www.schmeling.de\/wordpress\/wp-json\/wp\/v2\/posts\/3369","targetHints":{"allow":["GET"]}}],"collection":[{"href":"https:\/\/www.schmeling.de\/wordpress\/wp-json\/wp\/v2\/posts"}],"about":[{"href":"https:\/\/www.schmeling.de\/wordpress\/wp-json\/wp\/v2\/types\/post"}],"author":[{"embeddable":true,"href":"https:\/\/www.schmeling.de\/wordpress\/wp-json\/wp\/v2\/users\/1"}],"replies":[{"embeddable":true,"href":"https:\/\/www.schmeling.de\/wordpress\/wp-json\/wp\/v2\/comments?post=3369"}],"version-history":[{"count":2,"href":"https:\/\/www.schmeling.de\/wordpress\/wp-json\/wp\/v2\/posts\/3369\/revisions"}],"predecessor-version":[{"id":3457,"href":"https:\/\/www.schmeling.de\/wordpress\/wp-json\/wp\/v2\/posts\/3369\/revisions\/3457"}],"wp:attachment":[{"href":"https:\/\/www.schmeling.de\/wordpress\/wp-json\/wp\/v2\/media?parent=3369"}],"wp:term":[{"taxonomy":"category","embeddable":true,"href":"https:\/\/www.schmeling.de\/wordpress\/wp-json\/wp\/v2\/categories?post=3369"},{"taxonomy":"post_tag","embeddable":true,"href":"https:\/\/www.schmeling.de\/wordpress\/wp-json\/wp\/v2\/tags?post=3369"}],"curies":[{"name":"wp","href":"https:\/\/api.w.org\/{rel}","templated":true}]}}