{"id":3339,"date":"2016-11-10T22:00:58","date_gmt":"2016-11-10T21:00:58","guid":{"rendered":"http:\/\/www.schmeling.de\/wordpress\/?p=3339"},"modified":"2018-01-06T22:21:54","modified_gmt":"2018-01-06T21:21:54","slug":"vorgarten-i","status":"publish","type":"post","link":"https:\/\/www.schmeling.de\/wordpress\/blog\/2016\/11\/10\/vorgarten-i\/","title":{"rendered":"Vorgarten I"},"content":{"rendered":"<p>Unser Vorgarten war bisher vor allem von relativ pflegeleichten Bodendeckern gepr\u00e4gt. Seit unsere Nachbarn diesen auf ihrem Grundst\u00fcck entfernt haben und dankenswerter Weise auch die letzten 30cm auf unserer Seite mit entfernt hatten, sind wir in den Zugzwang gekommen, uns auch an den Rest zu machen.<\/p>\n<p>Dieses Kraut, das vom Haus bis zur Kiefer an der Stra\u00dfe \u00fcber Stock und Stein und die M\u00fcllboxen wuchert muss weg.<\/p>\n<figure id=\"attachment_3360\" aria-describedby=\"caption-attachment-3360\" style=\"width: 150px\" class=\"wp-caption aligncenter\"><a href=\"http:\/\/www.schmeling.de\/wordpress\/wp-content\/uploads\/2017\/05\/Rodung_1.jpg\"><img loading=\"lazy\" decoding=\"async\" class=\"size-full wp-image-3360\" src=\"http:\/\/www.schmeling.de\/wordpress\/wp-content\/uploads\/2017\/05\/Rodung_1.jpg\" alt=\"Lars und ich beim Roden\" width=\"150\" height=\"200\" srcset=\"https:\/\/www.schmeling.de\/wordpress\/wp-content\/uploads\/2017\/05\/Rodung_1.jpg 150w, https:\/\/www.schmeling.de\/wordpress\/wp-content\/uploads\/2017\/05\/Rodung_1-90x120.jpg 90w\" sizes=\"auto, (max-width: 150px) 100vw, 150px\" \/><\/a><figcaption id=\"caption-attachment-3360\" class=\"wp-caption-text\">Harte Arbeit erfordert flei\u00dfige H\u00e4nde<\/figcaption><\/figure>\n<p>In einer mehrst\u00fcndigem Aktion haben wir die B\u00fcsche gerodet und versucht in handliche St\u00fccke zu schneiden. Bis zu 5cm dicke \u00c4ste, teils tot, teils voll im Saft haben sich ineinander verknotet und verhakt, so dass sich schlie\u00dflich der Buschhaufen nur als Ganzes vom Beet auf den Weg zum Zerkleinern rollen l\u00e4sst.<\/p>\n<p>Was bleibt sind die Wurzeln. Um die wollen wir uns im Fr\u00fchjahr k\u00fcmmern. Der Boden ist in diesen Herbsttagen zuweilen schon frostig hart und vielleicht komme ich ja doch mal zu meinem Baggereinsatz, den ich ja schon f\u00fcrs Fr\u00fchjahr mal angedacht hatte.<\/p>\n<p><a href=\"http:\/\/www.schmeling.de\/wordpress\/wp-content\/uploads\/2016\/11\/Rodung_2.jpg\"><img loading=\"lazy\" decoding=\"async\" class=\"aligncenter size-full wp-image-3362\" src=\"http:\/\/www.schmeling.de\/wordpress\/wp-content\/uploads\/2016\/11\/Rodung_2.jpg\" alt=\"\" width=\"200\" height=\"150\" srcset=\"https:\/\/www.schmeling.de\/wordpress\/wp-content\/uploads\/2016\/11\/Rodung_2.jpg 200w, https:\/\/www.schmeling.de\/wordpress\/wp-content\/uploads\/2016\/11\/Rodung_2-160x120.jpg 160w\" sizes=\"auto, (max-width: 200px) 100vw, 200px\" \/><\/a><\/p>\n<p>&nbsp;<\/p>\n","protected":false},"excerpt":{"rendered":"<p>Unser Vorgarten wird sein Gestr\u00fcpp los.<\/p>\n","protected":false},"author":1,"featured_media":0,"comment_status":"closed","ping_status":"open","sticky":false,"template":"","format":"standard","meta":{"footnotes":""},"categories":[2,4,6],"tags":[178,1822,511,1825,1823,1824],"class_list":["post-3339","post","type-post","status-publish","format-standard","hentry","category-bauarbeiten","category-garten","category-haus","tag-bodendecker","tag-buesche","tag-hecke","tag-muellboxen","tag-vorgarten","tag-wurzeln"],"_links":{"self":[{"href":"https:\/\/www.schmeling.de\/wordpress\/wp-json\/wp\/v2\/posts\/3339","targetHints":{"allow":["GET"]}}],"collection":[{"href":"https:\/\/www.schmeling.de\/wordpress\/wp-json\/wp\/v2\/posts"}],"about":[{"href":"https:\/\/www.schmeling.de\/wordpress\/wp-json\/wp\/v2\/types\/post"}],"author":[{"embeddable":true,"href":"https:\/\/www.schmeling.de\/wordpress\/wp-json\/wp\/v2\/users\/1"}],"replies":[{"embeddable":true,"href":"https:\/\/www.schmeling.de\/wordpress\/wp-json\/wp\/v2\/comments?post=3339"}],"version-history":[{"count":5,"href":"https:\/\/www.schmeling.de\/wordpress\/wp-json\/wp\/v2\/posts\/3339\/revisions"}],"predecessor-version":[{"id":3458,"href":"https:\/\/www.schmeling.de\/wordpress\/wp-json\/wp\/v2\/posts\/3339\/revisions\/3458"}],"wp:attachment":[{"href":"https:\/\/www.schmeling.de\/wordpress\/wp-json\/wp\/v2\/media?parent=3339"}],"wp:term":[{"taxonomy":"category","embeddable":true,"href":"https:\/\/www.schmeling.de\/wordpress\/wp-json\/wp\/v2\/categories?post=3339"},{"taxonomy":"post_tag","embeddable":true,"href":"https:\/\/www.schmeling.de\/wordpress\/wp-json\/wp\/v2\/tags?post=3339"}],"curies":[{"name":"wp","href":"https:\/\/api.w.org\/{rel}","templated":true}]}}