{"id":3320,"date":"2015-07-26T22:30:12","date_gmt":"2015-07-26T20:30:12","guid":{"rendered":"http:\/\/www.schmeling.de\/wordpress\/?p=3320"},"modified":"2018-01-06T21:54:12","modified_gmt":"2018-01-06T20:54:12","slug":"seenot-retter-tag-in-laboe","status":"publish","type":"post","link":"https:\/\/www.schmeling.de\/wordpress\/blog\/2015\/07\/26\/seenot-retter-tag-in-laboe\/","title":{"rendered":"Seenot-Retter-Tag in Laboe"},"content":{"rendered":"<p>Unser Ausflug f\u00fchrt uns mit dem Auto nach Laboe. Ein Fehler mit dem Auto anzureisen. Alle Parkpl\u00e4tze sind entweder besetzt, Privatparkpl\u00e4tze, auf 2 Stunden mit Parkschein limitiert oder noch vor dem Ortseingang. Wir h\u00e4tten das Schiff nehmen sollen&#8230;..<\/p>\n<p>Endlich haben wir einen Parkplatz gefunden und erstehen f\u00fcr horrendes Geld ein Parkticket f\u00fcr max. 3 Stunden. Prima, Laboe. So kommen die Tagestouristen gern \ud83d\ude41 .<\/p>\n<p>Heute ist Tag der Seenotretter. Ein Lokalevent, bei dem die \u00f6rtliche Feuerwehr mit ihrer ausgefahrenen Drehleiter einen Blickfang bildet und die lokalen Veranstaltungsmoderatoren die Strandmeile mit ihren Unterhaltungen beschallen.<\/p>\n<p>Mittendrin eine gaaaaaanz lange Menschenschlange vor dem Kai, wo man im 15-Minuten-Takt eine Rundfahrt mit dem Seenotrettungsboot mitmachen kann. Jeder bekommt vorschriftsm\u00e4\u00dfig eine Schwimmweste und dann geht es an Bord. Kaum haben wir den Bereich der Mole hinter uns gelassen drehen einige hundert PS auf und wir werden durch das Boot gew\u00fcrfelt und die Gischt spritzt \u00fcber die Bordwand. Als in der wilden Kurvenlage das Wasser \u00fcber die Bordwand schwappt, wird es Sophie dann doch unheimlich. Seenotretterin will sie also nicht werden. Spa\u00df gemacht hat es aber dennoch einmal ein kleines bisschen Gef\u00fchl daf\u00fcr zu bekommen unter welchen Bedingungen die Seenotretter \u00fcbers Wasser schaukeln.<\/p>\n<p>Stolz tragen Lars und Sophie nun das T-Shirt der Seenotretter und machen kr\u00e4ftig Werbung f\u00fcr diese wichtigen Menschen an der K\u00fcste.<\/p>\n<p>Noch schnell ein Eis mit bunten Streuseln und dann geht es zur\u00fcck nach Hause.<\/p>\n","protected":false},"excerpt":{"rendered":"<p>Wir hatten Spa\u00df auf dem Seenotrettertag in Laboe<\/p>\n","protected":false},"author":1,"featured_media":0,"comment_status":"closed","ping_status":"open","sticky":false,"template":"","format":"standard","meta":{"footnotes":""},"categories":[5],"tags":[1804,1797,292,1796,1801,1798,1802,895,1803,1800,1795,1799],"class_list":["post-3320","post","type-post","status-publish","format-standard","hentry","category-kinder","tag-bordwand","tag-drehleiter","tag-eis","tag-feuerwehr","tag-gischt","tag-moderatoren","tag-mole","tag-parkplatz","tag-ps","tag-seegang","tag-seenotretter","tag-seentoretterboot"],"_links":{"self":[{"href":"https:\/\/www.schmeling.de\/wordpress\/wp-json\/wp\/v2\/posts\/3320","targetHints":{"allow":["GET"]}}],"collection":[{"href":"https:\/\/www.schmeling.de\/wordpress\/wp-json\/wp\/v2\/posts"}],"about":[{"href":"https:\/\/www.schmeling.de\/wordpress\/wp-json\/wp\/v2\/types\/post"}],"author":[{"embeddable":true,"href":"https:\/\/www.schmeling.de\/wordpress\/wp-json\/wp\/v2\/users\/1"}],"replies":[{"embeddable":true,"href":"https:\/\/www.schmeling.de\/wordpress\/wp-json\/wp\/v2\/comments?post=3320"}],"version-history":[{"count":2,"href":"https:\/\/www.schmeling.de\/wordpress\/wp-json\/wp\/v2\/posts\/3320\/revisions"}],"predecessor-version":[{"id":3446,"href":"https:\/\/www.schmeling.de\/wordpress\/wp-json\/wp\/v2\/posts\/3320\/revisions\/3446"}],"wp:attachment":[{"href":"https:\/\/www.schmeling.de\/wordpress\/wp-json\/wp\/v2\/media?parent=3320"}],"wp:term":[{"taxonomy":"category","embeddable":true,"href":"https:\/\/www.schmeling.de\/wordpress\/wp-json\/wp\/v2\/categories?post=3320"},{"taxonomy":"post_tag","embeddable":true,"href":"https:\/\/www.schmeling.de\/wordpress\/wp-json\/wp\/v2\/tags?post=3320"}],"curies":[{"name":"wp","href":"https:\/\/api.w.org\/{rel}","templated":true}]}}