{"id":3295,"date":"2015-07-16T22:30:58","date_gmt":"2015-07-16T20:30:58","guid":{"rendered":"http:\/\/www.schmeling.de\/wordpress\/?p=3295"},"modified":"2015-07-18T15:48:09","modified_gmt":"2015-07-18T13:48:09","slug":"ikea-laesst-ganz-schoen-nach","status":"publish","type":"post","link":"https:\/\/www.schmeling.de\/wordpress\/blog\/2015\/07\/16\/ikea-laesst-ganz-schoen-nach\/","title":{"rendered":"IKEA l\u00e4sst ganz sch\u00f6n nach"},"content":{"rendered":"<p>Ich muss mir mal ein wenig Luft machen. Ich bin von IKEA immer h\u00e4ufiger entt\u00e4uscht worden. Nicht nur, dass die Zahl der Mitarbeiter, die da rumlaufen scheinbar immer weniger wird, die haben auch immer seltener Ahnung, wo man was findet. Das war mal anders.<\/p>\n<p>Ich finde es schon sehr entt\u00e4uschend, wenn ich an einem Kundenschalter anstehe und der Mitarbeiter nach dem Kunden vor mir erst einmal kommentarlos in die Pause geht.<\/p>\n<p>Im Restaurant ist ja schon vor einiger Zeit umgebaut worden. Gem\u00fctlicher ist es damit nicht geworden, finde ich. Naja, das mag ja noch Geschmackssache sein, aber das Essen wird echt schlimmer. Das Mineralwasser schmeckt extrem salzig, Cola-Light gibt es nicht mehr, die Cola schmeckt wie braunes Wasser mit Geschmacksstoff einer undefinierten Geschmacksrichtung.<\/p>\n<p>Was soll das ?<\/p>\n<p>Die Gl\u00e4ser haben alle 0,25l aber sehen nicht einmal einheitlich aus, die Tische sind verklebt und statt die werden die Lampen ausgiebig geputzt.<\/p>\n<p>&#8222;Zwei Gro\u00dfe und zwei kleine Portionen.&#8220; Das ist, so finde ich eine eindeutige Mengenangabe. Warum muss mich die Mitarbeiterin dann fragen, ob ich zwei mittlere Portionen meine ?<\/p>\n<p>Fr\u00fcher gab es mal Rabatte mit der IKEA-Family-Card. Die gibt es jetzt f\u00fcr das Veggie-Menu, das wegen der &#8222;extremen&#8220; Nachfrage nur einsam in der Pfanne vor sich dahintrocknet und sein schlechtes Preis-Leistungs-Verh\u00e4ltnis deutlich pr\u00e4sentiert.<\/p>\n<p>Das Rumpsteak, das ich beim letzten Mal hatte, war statt Medium eine Schuhsohle, die Pommes Frites dazu m\u00f6gen nicht einmal die Kinder essen.<\/p>\n<p>Das einzige Kinder-Essen ist eine Mini-Portion Nudeln, die man sich mit Ketchup verfeinern kann. Das Kinder-Lieblingsgericht Pommes Frites hat wieder einen Erwachsenenpreis.<\/p>\n<p>Der\u00a0 Tisch in der N\u00e4he der Kinderecke steht am Ende des Fensters. In meinen Platz ragt die Fensterbank hinein. Die Aufstellung ist echt verbesserungsw\u00fcrdig.<\/p>\n<p>Die Kinderspielecke besteht nur noch aus Touch-Bildschirmen &#8230;.. echt modern, aber wo sind die klassischen Spielw\u00e4nde, mit denen dieser Bereich fr\u00fcher auch bei ganz Kleinen punkten konnte ?<\/p>\n<p>Ich werde also den IKEA-Einkauf beim n\u00e4chsten Mal nicht mit einem Abendessen verbinden. Vielleicht ist es ja auch nicht mehr gewollt, dass Kunden sich wohl f\u00fchlen. Ich werde wohl ohne die Familie nach Feierabend kurz durchhechten und nur genau das kaufen, was ich brauche. Super ! Das spart Geld ! Danke IKEA, dass Du meine Familie nicht mehr magst.<\/p>\n<p>Naja, in einigen Jahren wird es ja ein zweites M\u00f6belhaus geben. Vielleicht nimmt dann auch die Qualit\u00e4t wieder zu.<\/p>\n<p>&nbsp;<\/p>\n","protected":false},"excerpt":{"rendered":"<p>Ich muss mir mal ein wenig Luft machen. Ich bin von IKEA immer h\u00e4ufiger entt\u00e4uscht worden. Nicht nur, dass die Zahl der Mitarbeiter, die da rumlaufen scheinbar immer weniger wird, die haben auch immer seltener Ahnung, wo man was findet. Das war mal anders. Ich finde es schon sehr entt\u00e4uschend, wenn ich an einem Kundenschalter [&hellip;]<\/p>\n","protected":false},"author":1,"featured_media":0,"comment_status":"closed","ping_status":"open","sticky":false,"template":"","format":"standard","meta":{"footnotes":""},"categories":[1],"tags":[343,571,1759,1762,1757,1755,1760,1758,1753,1754,1761,1756],"class_list":["post-3295","post","type-post","status-publish","format-standard","hentry","category-allgemein","tag-fensterbank","tag-ikea","tag-klebrige-tische","tag-missverstaendnis","tag-pommes-frites","tag-rabatte","tag-saubere-lampen","tag-schlechte-qualitaet","tag-schuhsohle","tag-steak","tag-uneinheitliche-glaeser","tag-ungemuetlich"],"_links":{"self":[{"href":"https:\/\/www.schmeling.de\/wordpress\/wp-json\/wp\/v2\/posts\/3295","targetHints":{"allow":["GET"]}}],"collection":[{"href":"https:\/\/www.schmeling.de\/wordpress\/wp-json\/wp\/v2\/posts"}],"about":[{"href":"https:\/\/www.schmeling.de\/wordpress\/wp-json\/wp\/v2\/types\/post"}],"author":[{"embeddable":true,"href":"https:\/\/www.schmeling.de\/wordpress\/wp-json\/wp\/v2\/users\/1"}],"replies":[{"embeddable":true,"href":"https:\/\/www.schmeling.de\/wordpress\/wp-json\/wp\/v2\/comments?post=3295"}],"version-history":[{"count":2,"href":"https:\/\/www.schmeling.de\/wordpress\/wp-json\/wp\/v2\/posts\/3295\/revisions"}],"predecessor-version":[{"id":3301,"href":"https:\/\/www.schmeling.de\/wordpress\/wp-json\/wp\/v2\/posts\/3295\/revisions\/3301"}],"wp:attachment":[{"href":"https:\/\/www.schmeling.de\/wordpress\/wp-json\/wp\/v2\/media?parent=3295"}],"wp:term":[{"taxonomy":"category","embeddable":true,"href":"https:\/\/www.schmeling.de\/wordpress\/wp-json\/wp\/v2\/categories?post=3295"},{"taxonomy":"post_tag","embeddable":true,"href":"https:\/\/www.schmeling.de\/wordpress\/wp-json\/wp\/v2\/tags?post=3295"}],"curies":[{"name":"wp","href":"https:\/\/api.w.org\/{rel}","templated":true}]}}