{"id":3293,"date":"2015-07-15T22:30:20","date_gmt":"2015-07-15T20:30:20","guid":{"rendered":"http:\/\/www.schmeling.de\/wordpress\/?p=3293"},"modified":"2015-07-18T15:39:11","modified_gmt":"2015-07-18T13:39:11","slug":"aschenputtel","status":"publish","type":"post","link":"https:\/\/www.schmeling.de\/wordpress\/blog\/2015\/07\/15\/aschenputtel\/","title":{"rendered":"Aschenputtel"},"content":{"rendered":"<p>Ich muss mich ja mal beschweren. Ich als Mann habe es manchmal echt nicht leicht. Jaja. Ich wei\u00df, nun kommen da gleich wieder diese gekonnten Pseudomitleids &#8211; &#8222;Oooooohs&#8220;.<\/p>\n<p>Aber diesmal wurde es echt zu viel. Ich habe die K\u00fcche aufger\u00e4umt, das Abendessen gemacht, die Fr\u00fchst\u00fccksbrote geschmiert, die Cola gemixt, Milch und Wasser bereitgestellt, den Geschirrsp\u00fcler aus- und einger\u00e4umt, W\u00e4sche runtergebracht, Eink\u00e4ufe verstaut und, und, und. Als ich das alles beim Abendessen aufz\u00e4hlte, fiel Sophie sofort ein Wort ein, das ihr spontan aus dem Mund platzte. Darauf fiel Lars ein und beide skandierten lautstark auf den Tisch klopfend &#8222;Aschenputtel &#8211; Aschenputtel &#8211; Aschenputtel !&#8220;<\/p>\n<p>Mannoh ! Und da soll ich ruhig bleiben ?! Naja, ich habe eine Hoffnung: Aschenputtel lebte letztlich mit ihrem Prinzen im Schloss. Unser Haus werde ich auch in ein Schloss verwandeln wenn die Kinder mal ausziehen und ich mal Zeit habe \ud83d\ude42 \ud83d\ude42 \ud83d\ude42<\/p>\n<p>&nbsp;<\/p>\n","protected":false},"excerpt":{"rendered":"<p>Ich muss mich ja mal beschweren. Ich als Mann habe es manchmal echt nicht leicht. Jaja. Ich wei\u00df, nun kommen da gleich wieder diese gekonnten Pseudomitleids &#8211; &#8222;Oooooohs&#8220;. Aber diesmal wurde es echt zu viel. Ich habe die K\u00fcche aufger\u00e4umt, das Abendessen gemacht, die Fr\u00fchst\u00fccksbrote geschmiert, die Cola gemixt, Milch und Wasser bereitgestellt, den Geschirrsp\u00fcler [&hellip;]<\/p>\n","protected":false},"author":1,"featured_media":0,"comment_status":"closed","ping_status":"open","sticky":false,"template":"","format":"standard","meta":{"footnotes":""},"categories":[5],"tags":[1749,284,454,1752,1750,508,696,1751,1707,1713,1763,1358,1422],"class_list":["post-3293","post","type-post","status-publish","format-standard","hentry","category-kinder","tag-aschenputtel","tag-einkauf","tag-geschirr","tag-geschirrspueler","tag-hausarbeit","tag-hausmann","tag-kuche","tag-mitleid","tag-prinz","tag-prinzessin","tag-schloss","tag-wasche","tag-worte"],"_links":{"self":[{"href":"https:\/\/www.schmeling.de\/wordpress\/wp-json\/wp\/v2\/posts\/3293","targetHints":{"allow":["GET"]}}],"collection":[{"href":"https:\/\/www.schmeling.de\/wordpress\/wp-json\/wp\/v2\/posts"}],"about":[{"href":"https:\/\/www.schmeling.de\/wordpress\/wp-json\/wp\/v2\/types\/post"}],"author":[{"embeddable":true,"href":"https:\/\/www.schmeling.de\/wordpress\/wp-json\/wp\/v2\/users\/1"}],"replies":[{"embeddable":true,"href":"https:\/\/www.schmeling.de\/wordpress\/wp-json\/wp\/v2\/comments?post=3293"}],"version-history":[{"count":1,"href":"https:\/\/www.schmeling.de\/wordpress\/wp-json\/wp\/v2\/posts\/3293\/revisions"}],"predecessor-version":[{"id":3294,"href":"https:\/\/www.schmeling.de\/wordpress\/wp-json\/wp\/v2\/posts\/3293\/revisions\/3294"}],"wp:attachment":[{"href":"https:\/\/www.schmeling.de\/wordpress\/wp-json\/wp\/v2\/media?parent=3293"}],"wp:term":[{"taxonomy":"category","embeddable":true,"href":"https:\/\/www.schmeling.de\/wordpress\/wp-json\/wp\/v2\/categories?post=3293"},{"taxonomy":"post_tag","embeddable":true,"href":"https:\/\/www.schmeling.de\/wordpress\/wp-json\/wp\/v2\/tags?post=3293"}],"curies":[{"name":"wp","href":"https:\/\/api.w.org\/{rel}","templated":true}]}}