{"id":3135,"date":"2014-08-27T22:30:38","date_gmt":"2014-08-27T20:30:38","guid":{"rendered":"http:\/\/test.schmeling.de\/wordpress\/?p=3135"},"modified":"2015-06-07T23:08:14","modified_gmt":"2015-06-07T21:08:14","slug":"ice-bucket-challenge","status":"publish","type":"post","link":"https:\/\/www.schmeling.de\/wordpress\/blog\/2014\/08\/27\/ice-bucket-challenge\/","title":{"rendered":"Ice bucket Challenge"},"content":{"rendered":"<p>Nun hat es also auch mich erwischt. Seit einiger Zeit macht das Ritual die Runde, sich mit Eisw\u00fcrfelwasser zu begie\u00dfen. Carsten K\u00f6the, Helene Fischer, Y-Titty, Bully, und viele andere haben es gemacht. nun bin ich vom Technik-Chef des Mediendoms, Markus Schack nominiert worden. Ein letzter warmer Tag drau\u00dfen, also alle zur Verf\u00fcgung stehenden Eisw\u00fcrfel aus dem Gefrierfach gekramt und schnell mal eine kalte Dusche genommen und drei weitere Menschen nominiert. <\/p>\n<p>Mehr dazu auf Facebook.<\/p>\n","protected":false},"excerpt":{"rendered":"<p>Nun hat es also auch mich erwischt. Seit einiger Zeit macht das Ritual die Runde, sich mit Eisw\u00fcrfelwasser zu begie\u00dfen. Carsten K\u00f6the, Helene Fischer, Y-Titty, Bully, und viele andere haben es gemacht. nun bin ich vom Technik-Chef des Mediendoms, Markus Schack nominiert worden. Ein letzter warmer Tag drau\u00dfen, also alle zur Verf\u00fcgung stehenden Eisw\u00fcrfel aus [&hellip;]<\/p>\n","protected":false},"author":1,"featured_media":0,"comment_status":"open","ping_status":"open","sticky":false,"template":"","format":"standard","meta":{"footnotes":""},"categories":[1],"tags":[269,1666,1665,1667,1363],"class_list":["post-3135","post","type-post","status-publish","format-standard","hentry","category-allgemein","tag-duschen","tag-eiswuerfel","tag-ice-bucket-challenge","tag-nominieren","tag-wasser"],"_links":{"self":[{"href":"https:\/\/www.schmeling.de\/wordpress\/wp-json\/wp\/v2\/posts\/3135","targetHints":{"allow":["GET"]}}],"collection":[{"href":"https:\/\/www.schmeling.de\/wordpress\/wp-json\/wp\/v2\/posts"}],"about":[{"href":"https:\/\/www.schmeling.de\/wordpress\/wp-json\/wp\/v2\/types\/post"}],"author":[{"embeddable":true,"href":"https:\/\/www.schmeling.de\/wordpress\/wp-json\/wp\/v2\/users\/1"}],"replies":[{"embeddable":true,"href":"https:\/\/www.schmeling.de\/wordpress\/wp-json\/wp\/v2\/comments?post=3135"}],"version-history":[{"count":2,"href":"https:\/\/www.schmeling.de\/wordpress\/wp-json\/wp\/v2\/posts\/3135\/revisions"}],"predecessor-version":[{"id":3137,"href":"https:\/\/www.schmeling.de\/wordpress\/wp-json\/wp\/v2\/posts\/3135\/revisions\/3137"}],"wp:attachment":[{"href":"https:\/\/www.schmeling.de\/wordpress\/wp-json\/wp\/v2\/media?parent=3135"}],"wp:term":[{"taxonomy":"category","embeddable":true,"href":"https:\/\/www.schmeling.de\/wordpress\/wp-json\/wp\/v2\/categories?post=3135"},{"taxonomy":"post_tag","embeddable":true,"href":"https:\/\/www.schmeling.de\/wordpress\/wp-json\/wp\/v2\/tags?post=3135"}],"curies":[{"name":"wp","href":"https:\/\/api.w.org\/{rel}","templated":true}]}}