{"id":3121,"date":"2015-06-19T22:30:43","date_gmt":"2015-06-19T20:30:43","guid":{"rendered":"http:\/\/test.schmeling.de\/wordpress\/?p=3121"},"modified":"2015-06-20T22:33:56","modified_gmt":"2015-06-20T20:33:56","slug":"reiten-bei-tante-franzi","status":"publish","type":"post","link":"https:\/\/www.schmeling.de\/wordpress\/blog\/2015\/06\/19\/reiten-bei-tante-franzi\/","title":{"rendered":"Reiten bei Tante Franzi"},"content":{"rendered":"<p>Lars und Sophie haben die Pferde entdeckt. Regelm\u00e4\u00dfig besuchen sie nun die Pferde von Tanke Franzi und lernen reiten. Mit Reiner-Helm, Weste, Hose und Stiefeln &#8222;bewaffnet&#8220; geht es auf den Hof bei Eckernf\u00f6rde und dann reiten sie auf Tiffi, dem kleinen Sheddy.<\/p>\n<p style=\"text-align: left;\"><a href=\"http:\/\/www.schmeling.de\/wordpress\/wp-content\/uploads\/2015\/05\/DSCN4494.jpg\"><img loading=\"lazy\" decoding=\"async\" class=\" size-medium wp-image-3253 alignleft\" src=\"http:\/\/www.schmeling.de\/wordpress\/wp-content\/uploads\/2015\/05\/DSCN4494-225x300.jpg\" alt=\"Lars und Sophie auf dem Ponyhof\" width=\"225\" height=\"300\" srcset=\"https:\/\/www.schmeling.de\/wordpress\/wp-content\/uploads\/2015\/05\/DSCN4494-225x300.jpg 225w, https:\/\/www.schmeling.de\/wordpress\/wp-content\/uploads\/2015\/05\/DSCN4494-768x1024.jpg 768w\" sizes=\"auto, (max-width: 225px) 100vw, 225px\" \/><\/a>Petra f\u00e4hrt Freitags extra noch mal den weiten Weg mit den Kindern, weil es denen so viel Spa\u00df macht, die Ponys zu striegeln, zu f\u00fcttern und nat\u00fcrlich zu reiten. Den Pferden gef\u00e4llt das mindestens ebenso gut, wie Tante Franzi, die sich in ihrer Rolle als Tante nun offenbar wohl f\u00fchlt.<\/p>\n","protected":false},"excerpt":{"rendered":"<p>Freitag ist Reittag f\u00fcr Lars und Sophie.<\/p>\n","protected":false},"author":1,"featured_media":0,"comment_status":"open","ping_status":"open","sticky":false,"template":"","format":"standard","meta":{"footnotes":""},"categories":[5],"tags":[1638,907,980,1641,1642,1640,1639,1637,1643],"class_list":["post-3121","post","type-post","status-publish","format-standard","hentry","category-kinder","tag-franziska","tag-pferde","tag-reiten","tag-reiterhelm","tag-reiterhose","tag-reiterstiefel","tag-reiterweste","tag-tante-franzi","tag-tiffi"],"_links":{"self":[{"href":"https:\/\/www.schmeling.de\/wordpress\/wp-json\/wp\/v2\/posts\/3121","targetHints":{"allow":["GET"]}}],"collection":[{"href":"https:\/\/www.schmeling.de\/wordpress\/wp-json\/wp\/v2\/posts"}],"about":[{"href":"https:\/\/www.schmeling.de\/wordpress\/wp-json\/wp\/v2\/types\/post"}],"author":[{"embeddable":true,"href":"https:\/\/www.schmeling.de\/wordpress\/wp-json\/wp\/v2\/users\/1"}],"replies":[{"embeddable":true,"href":"https:\/\/www.schmeling.de\/wordpress\/wp-json\/wp\/v2\/comments?post=3121"}],"version-history":[{"count":5,"href":"https:\/\/www.schmeling.de\/wordpress\/wp-json\/wp\/v2\/posts\/3121\/revisions"}],"predecessor-version":[{"id":3255,"href":"https:\/\/www.schmeling.de\/wordpress\/wp-json\/wp\/v2\/posts\/3121\/revisions\/3255"}],"wp:attachment":[{"href":"https:\/\/www.schmeling.de\/wordpress\/wp-json\/wp\/v2\/media?parent=3121"}],"wp:term":[{"taxonomy":"category","embeddable":true,"href":"https:\/\/www.schmeling.de\/wordpress\/wp-json\/wp\/v2\/categories?post=3121"},{"taxonomy":"post_tag","embeddable":true,"href":"https:\/\/www.schmeling.de\/wordpress\/wp-json\/wp\/v2\/tags?post=3121"}],"curies":[{"name":"wp","href":"https:\/\/api.w.org\/{rel}","templated":true}]}}