{"id":2748,"date":"2012-07-06T22:00:12","date_gmt":"2012-07-06T20:00:12","guid":{"rendered":"http:\/\/www.schmeling.de\/blog\/?p=2748"},"modified":"2012-07-06T22:00:12","modified_gmt":"2012-07-06T20:00:12","slug":"musikalisch","status":"publish","type":"post","link":"https:\/\/www.schmeling.de\/wordpress\/blog\/2012\/07\/06\/musikalisch\/","title":{"rendered":"Musikalisch"},"content":{"rendered":"<p>Ja, ich stehe dazu. Ich bin stolz auf meine Kinder. Ja, ich habe immer gesagt wie bl\u00f6d ich es finde, dass Eltern in ihre Kinder Berufe hineininterpretieren, weil sie sooo stolz auf die kleinen F\u00e4higkeiten sind, die sie ihnen zeigen.<\/p>\n<p>Trotz dem finde ich es s\u00fc\u00df, wenn Sophie und Lars bei Musik tanzen, und\u00a0Musik Lala im Radio laut mitgr\u00f6ghlen und glaube dass die musikalisch ist.<\/p>\n<p>Sophie tanzt auch gern und dreht sich im Kreis, wenn Petra singt \ud83d\ude42<\/p>\n<p>&nbsp;<\/p>\n","protected":false},"excerpt":{"rendered":"<p>Ja, ich stehe dazu. Ich bin stolz auf meine Kinder. Ja, ich habe immer gesagt wie bl\u00f6d ich es finde, dass Eltern in ihre Kinder Berufe hineininterpretieren, weil sie sooo stolz auf die kleinen F\u00e4higkeiten sind, die sie ihnen zeigen. Trotz dem finde ich es s\u00fc\u00df, wenn Sophie und Lars bei Musik tanzen, und\u00a0Musik Lala [&hellip;]<\/p>\n","protected":false},"author":1,"featured_media":0,"comment_status":"open","ping_status":"open","sticky":false,"template":"","format":"standard","meta":{"footnotes":""},"categories":[5],"tags":[654,828,1134,1235],"class_list":["post-2748","post","type-post","status-publish","format-standard","hentry","category-kinder","tag-klatschen","tag-musik","tag-singen","tag-tanzen"],"_links":{"self":[{"href":"https:\/\/www.schmeling.de\/wordpress\/wp-json\/wp\/v2\/posts\/2748","targetHints":{"allow":["GET"]}}],"collection":[{"href":"https:\/\/www.schmeling.de\/wordpress\/wp-json\/wp\/v2\/posts"}],"about":[{"href":"https:\/\/www.schmeling.de\/wordpress\/wp-json\/wp\/v2\/types\/post"}],"author":[{"embeddable":true,"href":"https:\/\/www.schmeling.de\/wordpress\/wp-json\/wp\/v2\/users\/1"}],"replies":[{"embeddable":true,"href":"https:\/\/www.schmeling.de\/wordpress\/wp-json\/wp\/v2\/comments?post=2748"}],"version-history":[{"count":0,"href":"https:\/\/www.schmeling.de\/wordpress\/wp-json\/wp\/v2\/posts\/2748\/revisions"}],"wp:attachment":[{"href":"https:\/\/www.schmeling.de\/wordpress\/wp-json\/wp\/v2\/media?parent=2748"}],"wp:term":[{"taxonomy":"category","embeddable":true,"href":"https:\/\/www.schmeling.de\/wordpress\/wp-json\/wp\/v2\/categories?post=2748"},{"taxonomy":"post_tag","embeddable":true,"href":"https:\/\/www.schmeling.de\/wordpress\/wp-json\/wp\/v2\/tags?post=2748"}],"curies":[{"name":"wp","href":"https:\/\/api.w.org\/{rel}","templated":true}]}}