{"id":2580,"date":"2012-05-06T22:30:30","date_gmt":"2012-05-06T20:30:30","guid":{"rendered":"http:\/\/www.schmeling.de\/blog\/?p=2580"},"modified":"2012-05-06T22:30:30","modified_gmt":"2012-05-06T20:30:30","slug":"rote-eier","status":"publish","type":"post","link":"https:\/\/www.schmeling.de\/wordpress\/blog\/2012\/05\/06\/rote-eier\/","title":{"rendered":"Rote Eier"},"content":{"rendered":"<p>Die Osterzeit ist den Kindern offenbar noch lebhaft in Erinnerung. Jedenfalls haben sie sich immer \u00fcber die bunten Eier in den Vorg\u00e4rten gefreut und sie uns mit dem Wort\u00a0&#8222;Eier&#8220; gezeigt. Nun gibt es nat\u00fcrlich keine Eier mehr in den Vorg\u00e4rten. Als Lars nun &#8222;Eier Rot&#8220; sagte, habe ich genauer hingesehen: Es handelte sich um rote Tulpenbl\u00fcten \ud83d\ude42 \ud83d\ude42 \ud83d\ude42<\/p>\n","protected":false},"excerpt":{"rendered":"<p>Die Osterzeit ist den Kindern offenbar noch lebhaft in Erinnerung. Jedenfalls haben sie sich immer \u00fcber die bunten Eier in den Vorg\u00e4rten gefreut und sie uns mit dem Wort\u00a0&#8222;Eier&#8220; gezeigt. Nun gibt es nat\u00fcrlich keine Eier mehr in den Vorg\u00e4rten. Als Lars nun &#8222;Eier Rot&#8220; sagte, habe ich genauer hingesehen: Es handelte sich um rote [&hellip;]<\/p>\n","protected":false},"author":1,"featured_media":0,"comment_status":"open","ping_status":"open","sticky":false,"template":"","format":"standard","meta":{"footnotes":""},"categories":[5],"tags":[172,280,883,1282],"class_list":["post-2580","post","type-post","status-publish","format-standard","hentry","category-kinder","tag-blumen","tag-eier","tag-ostern","tag-tulpen"],"_links":{"self":[{"href":"https:\/\/www.schmeling.de\/wordpress\/wp-json\/wp\/v2\/posts\/2580","targetHints":{"allow":["GET"]}}],"collection":[{"href":"https:\/\/www.schmeling.de\/wordpress\/wp-json\/wp\/v2\/posts"}],"about":[{"href":"https:\/\/www.schmeling.de\/wordpress\/wp-json\/wp\/v2\/types\/post"}],"author":[{"embeddable":true,"href":"https:\/\/www.schmeling.de\/wordpress\/wp-json\/wp\/v2\/users\/1"}],"replies":[{"embeddable":true,"href":"https:\/\/www.schmeling.de\/wordpress\/wp-json\/wp\/v2\/comments?post=2580"}],"version-history":[{"count":0,"href":"https:\/\/www.schmeling.de\/wordpress\/wp-json\/wp\/v2\/posts\/2580\/revisions"}],"wp:attachment":[{"href":"https:\/\/www.schmeling.de\/wordpress\/wp-json\/wp\/v2\/media?parent=2580"}],"wp:term":[{"taxonomy":"category","embeddable":true,"href":"https:\/\/www.schmeling.de\/wordpress\/wp-json\/wp\/v2\/categories?post=2580"},{"taxonomy":"post_tag","embeddable":true,"href":"https:\/\/www.schmeling.de\/wordpress\/wp-json\/wp\/v2\/tags?post=2580"}],"curies":[{"name":"wp","href":"https:\/\/api.w.org\/{rel}","templated":true}]}}