{"id":2309,"date":"2012-01-30T22:00:02","date_gmt":"2012-01-30T21:00:02","guid":{"rendered":"http:\/\/www.schmeling.de\/blog\/?p=2309"},"modified":"2012-01-30T22:00:02","modified_gmt":"2012-01-30T21:00:02","slug":"schlafstorungen","status":"publish","type":"post","link":"https:\/\/www.schmeling.de\/wordpress\/blog\/2012\/01\/30\/schlafstorungen\/","title":{"rendered":"Schlafst\u00f6rungen"},"content":{"rendered":"<p>Lars hat mal wieder Probleme mit dem Einschlafen. Manchmal gelingt es mir dann, ihn nach Petras 2. versuch, ihn ins Bett zu legen zu beruhigen. Es scheint so, als k\u00f6nne er den Tag trotz extremer M\u00fcdigkeit nicht loslassen. Mangels vorhandener Sprache kann er mir nat\u00fcrlich auch nicht sagen, was ihn dann so bewegt. Und so erz\u00e4hle ich Geschichten von Wassertropfen, die sich als Schneeflocken verkleiden und wie man sie entzaubern kann und so etwas.<\/p>\n<p>Leider ist das keine Garantie daf\u00fcr, dass Petra nicht in der Nacht noch mal heranzitiert wird. So langsam wird es Zeit, dass alle 20 Z\u00e4hne da sind, damit wir sicher sind, dass ed daran nicht mehr liegt&#8230; Aber vielleicht kann Lars dann auich schon sprechen. Dertzeit macht er ja eine Ausbildung zum Papagei. Zwar nicht so bunt, aber so plappernd \ud83d\ude42<\/p>\n","protected":false},"excerpt":{"rendered":"<p>Lars hat mal wieder Probleme mit dem Einschlafen. Manchmal gelingt es mir dann, ihn nach Petras 2. versuch, ihn ins Bett zu legen zu beruhigen. Es scheint so, als k\u00f6nne er den Tag trotz extremer M\u00fcdigkeit nicht loslassen. Mangels vorhandener Sprache kann er mir nat\u00fcrlich auch nicht sagen, was ihn dann so bewegt. Und so [&hellip;]<\/p>\n","protected":false},"author":1,"featured_media":0,"comment_status":"open","ping_status":"open","sticky":false,"template":"","format":"standard","meta":{"footnotes":""},"categories":[5],"tags":[286,821,837,889,1069,1367,1433],"class_list":["post-2309","post","type-post","status-publish","format-standard","hentry","category-kinder","tag-einschlafen","tag-mudigkeit","tag-nacht","tag-papagei","tag-schneeflocken","tag-wassertropfen","tag-zahne"],"_links":{"self":[{"href":"https:\/\/www.schmeling.de\/wordpress\/wp-json\/wp\/v2\/posts\/2309","targetHints":{"allow":["GET"]}}],"collection":[{"href":"https:\/\/www.schmeling.de\/wordpress\/wp-json\/wp\/v2\/posts"}],"about":[{"href":"https:\/\/www.schmeling.de\/wordpress\/wp-json\/wp\/v2\/types\/post"}],"author":[{"embeddable":true,"href":"https:\/\/www.schmeling.de\/wordpress\/wp-json\/wp\/v2\/users\/1"}],"replies":[{"embeddable":true,"href":"https:\/\/www.schmeling.de\/wordpress\/wp-json\/wp\/v2\/comments?post=2309"}],"version-history":[{"count":0,"href":"https:\/\/www.schmeling.de\/wordpress\/wp-json\/wp\/v2\/posts\/2309\/revisions"}],"wp:attachment":[{"href":"https:\/\/www.schmeling.de\/wordpress\/wp-json\/wp\/v2\/media?parent=2309"}],"wp:term":[{"taxonomy":"category","embeddable":true,"href":"https:\/\/www.schmeling.de\/wordpress\/wp-json\/wp\/v2\/categories?post=2309"},{"taxonomy":"post_tag","embeddable":true,"href":"https:\/\/www.schmeling.de\/wordpress\/wp-json\/wp\/v2\/tags?post=2309"}],"curies":[{"name":"wp","href":"https:\/\/api.w.org\/{rel}","templated":true}]}}