{"id":2143,"date":"2011-11-19T22:00:38","date_gmt":"2011-11-19T21:00:38","guid":{"rendered":"http:\/\/www.schmeling.de\/blog\/?p=2143"},"modified":"2011-11-19T22:00:38","modified_gmt":"2011-11-19T21:00:38","slug":"sophiekuscheln","status":"publish","type":"post","link":"https:\/\/www.schmeling.de\/wordpress\/blog\/2011\/11\/19\/sophiekuscheln\/","title":{"rendered":"Sophiekuscheln"},"content":{"rendered":"<p>Heute Nachmittag hatte Petra einen Termin bei der Mitgliederversammlung des Kieler Planetarium e.V.. Ich habe w\u00e4hrenddessen zuhause die Stellung gehalten. Dabei hat sich Lars als geradezu spielw\u00fctig gezeigt. Keine Spielzeugkiste, die er nicht ausger\u00e4umt h\u00e4tte. Sophie hingegen hat sich auf meinem Bauch eingekuschelt und sich wohl gef\u00fchlt. Kein Bruder, der sie \u00e4rgern konnte, ein ruhiger kuscheliger Nachmittag und ein bisschen weniger Stress. Den hat Lars schon letzte Nacht gemacht. Im Moment hat er mal wieder unruhigere N\u00e4chte. Wir immer l\u00e4sst sich ein neuer Zahn vermuten, es ist jedoch nichts zu sehen. Am Abend haben wir dann vor dem Zubettgehen einen fliegenden Wechsel gemacht. Ich habe dann das Gr\u00fcnkohlessen der 25-Jahrs-Feier des Kieler Planetarium e.V. besucht. Lars hatte wohl Sehnsucht nach mir, jedenfalls hat er noch einige male Petra heranzitiert.<\/p>\n","protected":false},"excerpt":{"rendered":"<p>Heute Nachmittag hatte Petra einen Termin bei der Mitgliederversammlung des Kieler Planetarium e.V.. Ich habe w\u00e4hrenddessen zuhause die Stellung gehalten. Dabei hat sich Lars als geradezu spielw\u00fctig gezeigt. Keine Spielzeugkiste, die er nicht ausger\u00e4umt h\u00e4tte. Sophie hingegen hat sich auf meinem Bauch eingekuschelt und sich wohl gef\u00fchlt. Kein Bruder, der sie \u00e4rgern konnte, ein ruhiger [&hellip;]<\/p>\n","protected":false},"author":1,"featured_media":0,"comment_status":"open","ping_status":"open","sticky":false,"template":"","format":"standard","meta":{"footnotes":""},"categories":[5],"tags":[26,74,482,627,706,807,1038,1156,1394,1433],"class_list":["post-2143","post","type-post","status-publish","format-standard","hentry","category-kinder","tag-allein","tag-ausraumen","tag-grunkohlessen","tag-kieler-planetarium-e-v","tag-kuscheln","tag-mitgliederversammlung","tag-schichtwechsel","tag-spielen","tag-wickeln","tag-zahne"],"_links":{"self":[{"href":"https:\/\/www.schmeling.de\/wordpress\/wp-json\/wp\/v2\/posts\/2143","targetHints":{"allow":["GET"]}}],"collection":[{"href":"https:\/\/www.schmeling.de\/wordpress\/wp-json\/wp\/v2\/posts"}],"about":[{"href":"https:\/\/www.schmeling.de\/wordpress\/wp-json\/wp\/v2\/types\/post"}],"author":[{"embeddable":true,"href":"https:\/\/www.schmeling.de\/wordpress\/wp-json\/wp\/v2\/users\/1"}],"replies":[{"embeddable":true,"href":"https:\/\/www.schmeling.de\/wordpress\/wp-json\/wp\/v2\/comments?post=2143"}],"version-history":[{"count":0,"href":"https:\/\/www.schmeling.de\/wordpress\/wp-json\/wp\/v2\/posts\/2143\/revisions"}],"wp:attachment":[{"href":"https:\/\/www.schmeling.de\/wordpress\/wp-json\/wp\/v2\/media?parent=2143"}],"wp:term":[{"taxonomy":"category","embeddable":true,"href":"https:\/\/www.schmeling.de\/wordpress\/wp-json\/wp\/v2\/categories?post=2143"},{"taxonomy":"post_tag","embeddable":true,"href":"https:\/\/www.schmeling.de\/wordpress\/wp-json\/wp\/v2\/tags?post=2143"}],"curies":[{"name":"wp","href":"https:\/\/api.w.org\/{rel}","templated":true}]}}