{"id":2131,"date":"2011-11-14T22:00:57","date_gmt":"2011-11-14T21:00:57","guid":{"rendered":"http:\/\/www.schmeling.de\/blog\/?p=2131"},"modified":"2011-11-14T22:00:57","modified_gmt":"2011-11-14T21:00:57","slug":"eine-ereignisreiche-woche","status":"publish","type":"post","link":"https:\/\/www.schmeling.de\/wordpress\/blog\/2011\/11\/14\/eine-ereignisreiche-woche\/","title":{"rendered":"Eine ereignisreiche Woche"},"content":{"rendered":"<p>Hi Fans !<\/p>\n<p>Heute muss ich Euch mal schreiben, weil Papa dazu die letzten Tage nicht gekommen ist. Also das kam so: Papa hat sich bei uns angesteckt mit Schnupfen. Und wenn Papa krank wird, dass wisst ihr ja, denn legt es ihn gleich ganz flach. Mama schimpft dann immer ganz laut, weil er sich schlafen legt, weil sie auch so gerne mal schlafen will, aber nicht kann, weil wir dann ja ganz alleine sind.<\/p>\n<p>Dabei k\u00f6nnen wir auch prima alleine spielen, aber Mama l\u00e4sst uns nicht, weil sie Angst hat, dass wir was kaputt machen oder uns weh tun, wenn wir aufs Sofa klettern und an das Regal rankommen. Sophie sagt, dass in dem Regal irgendwo das Buch der Weisheit steht. Die wird mal ne Leseratte. Die knabbert ja jetzt schon immer an jedem Buch, das sie zwischen die Z\u00e4hne bekommt&#8230; \ud83d\ude42<\/p>\n<p>Weil Papa so dollen Schnupfen hatte, hat der Arzt zu ihm gesagt, er soll sich schonen, nicht arbeiten und an der frischen Luft spazierengehen. Da ist er mit und nat\u00fcrlich auf dem richtigen Weg. Wir brauchen n\u00e4mlich auch frische Luft und wir wollen was von der Welt sehen.<\/p>\n<p>Am Freitag hatte Mama dann am Nachmittag und Abend frei. Da ist Papa mit uns am Flughafen entlang nach Altenholz gewandert. Als wir direkt vor der Landeahn standen kam da ein Flugzeug runter. Das ist ganz tief \u00fcber uns geflogen. Und auf dem R\u00fcckweg kam noch ein Flugzeug ganz tief \u00fcber uns zum Flughafen. Cool ! Sophie hat das weniger interessiert, die hatte einfach nur Hunger auf Br\u00f6tchen. Wie gut, dass Papa eins eingepackt hatte \ud83d\ude42 Er wei\u00df eben, was uns schmeckt \ud83d\ude42 Papa hat uns auch am Abend ganz allein ins Bett gebracht. Hat er toll gemacht. Er hat uns auch noch eine Geschichte erz\u00e4hlt. Ich hab sie schon vergessen, weil ich sooo m\u00fcde war.<\/p>\n<p>Samstag fr\u00fch war Mama wieder weg. Und Papa hat mit uns einen Auflug zu Bjarne gemacht. Bjarne ist schon ganz gro\u00df und hat eine Menge Spielsachen, die noch nichts f\u00fcr uns sind. Deshalb wollte er uns auch nicht mit in sein Zimmer nehmen. Aber die Legos im Wohnzimmer waren sowieso schon aufregend genug. Nur Sophie meinte sich bei Papa einschleimen zu m\u00fcssen. Die hat so getan, als w\u00fcrde sie gern zugucken, wie er bei Bjarnes Papa den Abfluss repariert. Dabei hat sie davon doch gar keine Ahnung. \ud83d\ude42<br \/>\n<img decoding=\"async\" src=\"http:\/\/www.schmeling.de\/images\/DSC_2441a.jpg\" alt=\"Sophe guckt keck um die Ecke\" \/><\/p>\n<p>Dann ist am Mittag ein Paket gekommen. Das haben Mama und Papa heimlich ausgepackt. Da war ein Buggy f\u00fcr uns drin. Nun k\u00f6nnen wir auch mal nebeneinander sitzend durch die Welt fahren und endlich H\u00e4ndchen halten, wie im Auto.<br \/>\n<img decoding=\"async\" src=\"http:\/\/www.schmeling.de\/images\/DSC_2479a.jpg\" alt=\"Lars und Sophie im Buggy\" \/><\/p>\n<p>Dann ist auch noch Jonah mit seiner Mama gekommen und wir haben den Buggy ausprobiert. Wir sind mit der F\u00e4hre gefahren und eine ganz lange und hohe Br\u00fccke \u00fcber das Wasser gefahren. Mama sagt, dass sie da nicht runtergucken kann. Ich glaube sie braucht eine Brille.<\/p>\n<p>Am Sonntag haben wir vor dem Fr\u00fchst\u00fcck das Bett von Mama und Papa als Spielfl\u00e4che nutzen d\u00fcrfen. Klettern, toben und lachen zwischen Mama und Papa. Das haben wir schon lange nicht mehr gemacht. Am Nachmittag war Sina zu Besuch und sind wir dann zuerst \u00fcber die gro\u00dfe Br\u00fccke gegangen und dann hat Papa uns bei der Tankstelle ein Br\u00f6tchen gekauft. Das wurde h\u00f6chste Zeit. Mama hatte die Br\u00f6tchen zwar in die K\u00fcche gelegt, hat Papa aber nicht gesagt, dass er sie mitnehmen soll. Mama sagt, Papa ist schuld, dass wir nun Hunger haben, dabei hat sie doch vergessen, die Br\u00f6tchen mitzunehmen. Egal. Papa hat uns gerettet und wir sind mit der F\u00e4hre zur\u00fcckgefahren.<\/p>\n<p>Heute Abend waren wir bei IKEA zum Einkaufen. Papa wollte eine neue Lampe haben f\u00fcr die, die ich kaputt gemacht habe. Aber es gab nichts, was er toll fand und was Mama toll fand, mochte er nicht. So kann das nichts werden mit der Erleuchtung, Eltern ! Schlie\u00dflich hat Papa eine billige Stehlampe gekauft. Puuuuh ! Wenn er mir das tats\u00e4chlich vom Taschengeld abzieht bin ich in ein paar Wochen Schuldenfrei \ud83d\ude42<br \/>\n<img decoding=\"async\" src=\"http:\/\/www.schmeling.de\/images\/DSC_2447a.jpg\" alt=\"Lars grinst\" \/><\/p>\n<p>Nun hoffe ich, dass Papa wieder \u00fcbernimmt mit dem Schreiben und gehe in die Heia !<\/p>\n<p>Euer Lars<\/p>\n","protected":false},"excerpt":{"rendered":"<p>Hi Fans ! Heute muss ich Euch mal schreiben, weil Papa dazu die letzten Tage nicht gekommen ist. Also das kam so: Papa hat sich bei uns angesteckt mit Schnupfen. Und wenn Papa krank wird, dass wisst ihr ja, denn legt es ihn gleich ganz flach. Mama schimpft dann immer ganz laut, weil er sich [&hellip;]<\/p>\n","protected":false},"author":1,"featured_media":0,"comment_status":"open","ping_status":"open","sticky":false,"template":"","format":"standard","meta":{"footnotes":""},"categories":[5],"tags":[13,23,26,54,163,195,201,203,287,322,380,392,402,534,571,687,717,734,742,886,977,1048,1080,1102,1138,1151,1158,1185,1237],"class_list":["post-2131","post","type-post","status-publish","format-standard","hentry","category-kinder","tag-abfluss","tag-ahnung","tag-allein","tag-arzt","tag-bjarne","tag-brotchen","tag-bucher","tag-buggy","tag-einschleimen","tag-fahre","tag-flugzeug","tag-frei","tag-frische-luft","tag-hochbrucke","tag-ikea","tag-krank","tag-lampe","tag-lego","tag-leseratte","tag-paket","tag-regal","tag-schlafen","tag-schnupfen","tag-schulden","tag-sofa","tag-spaziergang","tag-spielsachen","tag-stehlampe","tag-taschengeld"],"_links":{"self":[{"href":"https:\/\/www.schmeling.de\/wordpress\/wp-json\/wp\/v2\/posts\/2131","targetHints":{"allow":["GET"]}}],"collection":[{"href":"https:\/\/www.schmeling.de\/wordpress\/wp-json\/wp\/v2\/posts"}],"about":[{"href":"https:\/\/www.schmeling.de\/wordpress\/wp-json\/wp\/v2\/types\/post"}],"author":[{"embeddable":true,"href":"https:\/\/www.schmeling.de\/wordpress\/wp-json\/wp\/v2\/users\/1"}],"replies":[{"embeddable":true,"href":"https:\/\/www.schmeling.de\/wordpress\/wp-json\/wp\/v2\/comments?post=2131"}],"version-history":[{"count":0,"href":"https:\/\/www.schmeling.de\/wordpress\/wp-json\/wp\/v2\/posts\/2131\/revisions"}],"wp:attachment":[{"href":"https:\/\/www.schmeling.de\/wordpress\/wp-json\/wp\/v2\/media?parent=2131"}],"wp:term":[{"taxonomy":"category","embeddable":true,"href":"https:\/\/www.schmeling.de\/wordpress\/wp-json\/wp\/v2\/categories?post=2131"},{"taxonomy":"post_tag","embeddable":true,"href":"https:\/\/www.schmeling.de\/wordpress\/wp-json\/wp\/v2\/tags?post=2131"}],"curies":[{"name":"wp","href":"https:\/\/api.w.org\/{rel}","templated":true}]}}