{"id":1969,"date":"2011-09-05T22:00:37","date_gmt":"2011-09-05T20:00:37","guid":{"rendered":"http:\/\/www.schmeling.de\/blog\/?p=1969"},"modified":"2011-09-05T22:00:37","modified_gmt":"2011-09-05T20:00:37","slug":"kindersitze","status":"publish","type":"post","link":"https:\/\/www.schmeling.de\/wordpress\/blog\/2011\/09\/05\/kindersitze\/","title":{"rendered":"Kindersitze"},"content":{"rendered":"<p>Lars und Sophie sitzen nun in gro\u00dfen Kindersitzen. Sophie wiegt nach neuesten Messungen schon fast 10 Kg. Und Lars ist nicht leichter \ud83d\ude42<\/p>\n<p>Die beiden genie\u00dfen es, fortan nach vorn gucken zu k\u00f6nnen und ich kann die zwei ohne Zusatzspiegel in meinem R\u00fcckspiegel sehen \ud83d\ude42<\/p>\n","protected":false},"excerpt":{"rendered":"<p>Lars und Sophie sitzen nun in gro\u00dfen Kindersitzen. Sophie wiegt nach neuesten Messungen schon fast 10 Kg. Und Lars ist nicht leichter \ud83d\ude42 Die beiden genie\u00dfen es, fortan nach vorn gucken zu k\u00f6nnen und ich kann die zwei ohne Zusatzspiegel in meinem R\u00fcckspiegel sehen \ud83d\ude42<\/p>\n","protected":false},"author":1,"featured_media":0,"comment_status":"open","ping_status":"open","sticky":false,"template":"","format":"standard","meta":{"footnotes":""},"categories":[5],"tags":[],"class_list":["post-1969","post","type-post","status-publish","format-standard","hentry","category-kinder"],"_links":{"self":[{"href":"https:\/\/www.schmeling.de\/wordpress\/wp-json\/wp\/v2\/posts\/1969","targetHints":{"allow":["GET"]}}],"collection":[{"href":"https:\/\/www.schmeling.de\/wordpress\/wp-json\/wp\/v2\/posts"}],"about":[{"href":"https:\/\/www.schmeling.de\/wordpress\/wp-json\/wp\/v2\/types\/post"}],"author":[{"embeddable":true,"href":"https:\/\/www.schmeling.de\/wordpress\/wp-json\/wp\/v2\/users\/1"}],"replies":[{"embeddable":true,"href":"https:\/\/www.schmeling.de\/wordpress\/wp-json\/wp\/v2\/comments?post=1969"}],"version-history":[{"count":0,"href":"https:\/\/www.schmeling.de\/wordpress\/wp-json\/wp\/v2\/posts\/1969\/revisions"}],"wp:attachment":[{"href":"https:\/\/www.schmeling.de\/wordpress\/wp-json\/wp\/v2\/media?parent=1969"}],"wp:term":[{"taxonomy":"category","embeddable":true,"href":"https:\/\/www.schmeling.de\/wordpress\/wp-json\/wp\/v2\/categories?post=1969"},{"taxonomy":"post_tag","embeddable":true,"href":"https:\/\/www.schmeling.de\/wordpress\/wp-json\/wp\/v2\/tags?post=1969"}],"curies":[{"name":"wp","href":"https:\/\/api.w.org\/{rel}","templated":true}]}}