{"id":1779,"date":"2011-07-23T22:00:52","date_gmt":"2011-07-23T20:00:52","guid":{"rendered":"http:\/\/www.schmeling.de\/blog\/?p=1779"},"modified":"2011-07-23T22:00:52","modified_gmt":"2011-07-23T20:00:52","slug":"besuch-bei-ticktack-omi","status":"publish","type":"post","link":"https:\/\/www.schmeling.de\/wordpress\/blog\/2011\/07\/23\/besuch-bei-ticktack-omi\/","title":{"rendered":"Besuch bei TickTack-Omi"},"content":{"rendered":"<p>Heute Nachmittag haben wir in Harrislee die Uromi besucht. F\u00fcr zwei Stunden waren wir dort und unsere beiden haben sich von ihrer besten uns zugleich aktiven Seite gezeigt. Wir sind nur am Rande dazu gekommen reihum mal an der Kaffeetafel Platz zu nehmen une ein St\u00fcck Torte zu genie\u00dfen, weil Lars und Sophie Butterkekskr\u00fcmelnd und Saft schl\u00fcrfend durch das Wohnzimmer krabbelten und alles aufs genaueste untersuchten und nat\u00fcrlich jede Nicht-Kindersichere Schwachstelle wie Schiebet\u00fcren eines Schrankes offenlegten.<\/p>\n<p>Bei unserer R\u00fcckfahrt haben wir vor der Raader Hochbr\u00fccke im Stau gestanden. Auf der Rastst\u00e4tte H\u00fcttener Berge ist Petra dann nach hinten umgestiegen und hat die quengelnden Kinder schon mal zu f\u00fcttern begonnen. Um knapp 21 Uhr waren die beiden dann im Bett.<\/p>\n","protected":false},"excerpt":{"rendered":"<p>Heute Nachmittag haben wir in Harrislee die Uromi besucht. F\u00fcr zwei Stunden waren wir dort und unsere beiden haben sich von ihrer besten uns zugleich aktiven Seite gezeigt. Wir sind nur am Rande dazu gekommen reihum mal an der Kaffeetafel Platz zu nehmen une ein St\u00fcck Torte zu genie\u00dfen, weil Lars und Sophie Butterkekskr\u00fcmelnd und [&hellip;]<\/p>\n","protected":false},"author":1,"featured_media":0,"comment_status":"open","ping_status":"open","sticky":false,"template":"","format":"standard","meta":{"footnotes":""},"categories":[5],"tags":[24,208,418,967,1018,1181,1259,1316],"class_list":["post-1779","post","type-post","status-publish","format-standard","hentry","category-kinder","tag-aktiv","tag-butterkeks","tag-futtern","tag-raststatte","tag-saft-krumel","tag-stau","tag-ticktackomi","tag-uromi"],"_links":{"self":[{"href":"https:\/\/www.schmeling.de\/wordpress\/wp-json\/wp\/v2\/posts\/1779","targetHints":{"allow":["GET"]}}],"collection":[{"href":"https:\/\/www.schmeling.de\/wordpress\/wp-json\/wp\/v2\/posts"}],"about":[{"href":"https:\/\/www.schmeling.de\/wordpress\/wp-json\/wp\/v2\/types\/post"}],"author":[{"embeddable":true,"href":"https:\/\/www.schmeling.de\/wordpress\/wp-json\/wp\/v2\/users\/1"}],"replies":[{"embeddable":true,"href":"https:\/\/www.schmeling.de\/wordpress\/wp-json\/wp\/v2\/comments?post=1779"}],"version-history":[{"count":0,"href":"https:\/\/www.schmeling.de\/wordpress\/wp-json\/wp\/v2\/posts\/1779\/revisions"}],"wp:attachment":[{"href":"https:\/\/www.schmeling.de\/wordpress\/wp-json\/wp\/v2\/media?parent=1779"}],"wp:term":[{"taxonomy":"category","embeddable":true,"href":"https:\/\/www.schmeling.de\/wordpress\/wp-json\/wp\/v2\/categories?post=1779"},{"taxonomy":"post_tag","embeddable":true,"href":"https:\/\/www.schmeling.de\/wordpress\/wp-json\/wp\/v2\/tags?post=1779"}],"curies":[{"name":"wp","href":"https:\/\/api.w.org\/{rel}","templated":true}]}}