{"id":1773,"date":"2011-07-23T09:00:59","date_gmt":"2011-07-23T07:00:59","guid":{"rendered":"http:\/\/www.schmeling.de\/blog\/?p=1773"},"modified":"2011-07-23T09:00:59","modified_gmt":"2011-07-23T07:00:59","slug":"nachtliche-storungen","status":"publish","type":"post","link":"https:\/\/www.schmeling.de\/wordpress\/blog\/2011\/07\/23\/nachtliche-storungen\/","title":{"rendered":"N\u00e4chtliche St\u00f6rungen"},"content":{"rendered":"<p>Lars ist in den letzten N\u00e4chten immer wieder mal eine Herausforderung f\u00fcr die Erholung von Petra und zuweilen auch von mir. Er quengelt Petra wach, m\u00f6chte Streicheleinheiten, manchmal einen Schluck zu trinken und ist nur schwer zum Schlafen zu bewegen.<\/p>\n<p>Seit heute fr\u00fch glaube ich gesehen zu haben, woran das liegt: Unten rechts kommt ein Backen &#8211; oder Eckzahn. Die Kauleiste ist jedenfalls erbsengro\u00df verdickt und leicht ger\u00f6tet. Lars bekommt also nicht vorne seinen n\u00e4chsten Zahn, sondern dort, wo er seit Tagen immer wieder seinen Finger hinschiebt. Im rechten Unterkiefer \ud83d\ude42<\/p>\n<p>Nun hat mich die Neugier gepacht und ich musste gleich mal bei Sophie gucken. Und sie w\u00e4re nicht unsere Zahnfree, wenn sie ihren Bruder nicht schon l\u00e4ngst eingeholt h\u00e4tte, ohne dass wir es bemerkt h\u00e4tten. In ihrem Unterkiefer dr\u00fccken sich links und rechts kleine Erbschenz\u00e4hne durch die Kauleiste.<\/p>\n","protected":false},"excerpt":{"rendered":"<p>Lars ist in den letzten N\u00e4chten immer wieder mal eine Herausforderung f\u00fcr die Erholung von Petra und zuweilen auch von mir. Er quengelt Petra wach, m\u00f6chte Streicheleinheiten, manchmal einen Schluck zu trinken und ist nur schwer zum Schlafen zu bewegen. Seit heute fr\u00fch glaube ich gesehen zu haben, woran das liegt: Unten rechts kommt ein [&hellip;]<\/p>\n","protected":false},"author":1,"featured_media":0,"comment_status":"open","ping_status":"open","sticky":false,"template":"","format":"standard","meta":{"footnotes":""},"categories":[5],"tags":[94,276,306,360,616,955,1049,1277,1310,1433,1436],"class_list":["post-1773","post","type-post","status-publish","format-standard","hentry","category-kinder","tag-backenzahn","tag-eckzahn","tag-erbse","tag-finger","tag-kauleiste","tag-quengeln","tag-schlaflos","tag-trinken","tag-unterkiefer","tag-zahne","tag-zahnfee"],"_links":{"self":[{"href":"https:\/\/www.schmeling.de\/wordpress\/wp-json\/wp\/v2\/posts\/1773","targetHints":{"allow":["GET"]}}],"collection":[{"href":"https:\/\/www.schmeling.de\/wordpress\/wp-json\/wp\/v2\/posts"}],"about":[{"href":"https:\/\/www.schmeling.de\/wordpress\/wp-json\/wp\/v2\/types\/post"}],"author":[{"embeddable":true,"href":"https:\/\/www.schmeling.de\/wordpress\/wp-json\/wp\/v2\/users\/1"}],"replies":[{"embeddable":true,"href":"https:\/\/www.schmeling.de\/wordpress\/wp-json\/wp\/v2\/comments?post=1773"}],"version-history":[{"count":0,"href":"https:\/\/www.schmeling.de\/wordpress\/wp-json\/wp\/v2\/posts\/1773\/revisions"}],"wp:attachment":[{"href":"https:\/\/www.schmeling.de\/wordpress\/wp-json\/wp\/v2\/media?parent=1773"}],"wp:term":[{"taxonomy":"category","embeddable":true,"href":"https:\/\/www.schmeling.de\/wordpress\/wp-json\/wp\/v2\/categories?post=1773"},{"taxonomy":"post_tag","embeddable":true,"href":"https:\/\/www.schmeling.de\/wordpress\/wp-json\/wp\/v2\/tags?post=1773"}],"curies":[{"name":"wp","href":"https:\/\/api.w.org\/{rel}","templated":true}]}}