{"id":1623,"date":"2011-06-10T22:00:32","date_gmt":"2011-06-10T20:00:32","guid":{"rendered":"http:\/\/www.schmeling.de\/blog\/?p=1623"},"modified":"2011-06-10T22:00:32","modified_gmt":"2011-06-10T20:00:32","slug":"impfung-2","status":"publish","type":"post","link":"https:\/\/www.schmeling.de\/wordpress\/blog\/2011\/06\/10\/impfung-2\/","title":{"rendered":"Impfung"},"content":{"rendered":"<p>Heute habe ich meine Arbeit am Mittag unterbrochen, um die Kinder zur Impfung gegen Masern, Mumps, R\u00f6teln und Windpocken zu begleiten. Auch ich habe mich impfen lassen. Larsi hat kurz geweint, bis er jedoch ein Spielzeug geschenkt bekam. Das war dann alles vergessen und das Spielzeug wichtiger als das Pflaster, das er auf den Oberarm bekam.<\/p>\n<p>Sophie hat fast nicht geweint, allerdings muss ich zu Lars Ehrenrettung sagen, da\u00df bei ihr das Spielzeug schneller zugegen war \ud83d\ude42 Ich habe bei meiner Impfung kein Tapferkeitsspielzeug bekommen. Nur ein Pflaster. \ud83d\ude42<\/p>\n<p>Am Abend musste Petra die zwei allein f\u00fcttern und zu Bett bringen, da ich im Mediendom war. Es war weniger das Ins-Bett bringen als das doppelte f\u00fcttern, was so stressig war. Man kann eben nie beisen hungrigen und von den Erlebnissen des Tages ges\u00e4ttigten M\u00e4ulern gleichsam gerecht werden, wenn man nicht zu zweit ist.<\/p>\n","protected":false},"excerpt":{"rendered":"<p>Heute habe ich meine Arbeit am Mittag unterbrochen, um die Kinder zur Impfung gegen Masern, Mumps, R\u00f6teln und Windpocken zu begleiten. Auch ich habe mich impfen lassen. Larsi hat kurz geweint, bis er jedoch ein Spielzeug geschenkt bekam. Das war dann alles vergessen und das Spielzeug wichtiger als das Pflaster, das er auf den Oberarm [&hellip;]<\/p>\n","protected":false},"author":1,"featured_media":0,"comment_status":"open","ping_status":"open","sticky":false,"template":"","format":"standard","meta":{"footnotes":""},"categories":[5],"tags":[418,574,786,823,913,998,1048,1161,1406],"class_list":["post-1623","post","type-post","status-publish","format-standard","hentry","category-kinder","tag-futtern","tag-impfung","tag-masern","tag-mumps","tag-pieks","tag-roteln","tag-schlafen","tag-spielzeug","tag-windpocken"],"_links":{"self":[{"href":"https:\/\/www.schmeling.de\/wordpress\/wp-json\/wp\/v2\/posts\/1623","targetHints":{"allow":["GET"]}}],"collection":[{"href":"https:\/\/www.schmeling.de\/wordpress\/wp-json\/wp\/v2\/posts"}],"about":[{"href":"https:\/\/www.schmeling.de\/wordpress\/wp-json\/wp\/v2\/types\/post"}],"author":[{"embeddable":true,"href":"https:\/\/www.schmeling.de\/wordpress\/wp-json\/wp\/v2\/users\/1"}],"replies":[{"embeddable":true,"href":"https:\/\/www.schmeling.de\/wordpress\/wp-json\/wp\/v2\/comments?post=1623"}],"version-history":[{"count":0,"href":"https:\/\/www.schmeling.de\/wordpress\/wp-json\/wp\/v2\/posts\/1623\/revisions"}],"wp:attachment":[{"href":"https:\/\/www.schmeling.de\/wordpress\/wp-json\/wp\/v2\/media?parent=1623"}],"wp:term":[{"taxonomy":"category","embeddable":true,"href":"https:\/\/www.schmeling.de\/wordpress\/wp-json\/wp\/v2\/categories?post=1623"},{"taxonomy":"post_tag","embeddable":true,"href":"https:\/\/www.schmeling.de\/wordpress\/wp-json\/wp\/v2\/tags?post=1623"}],"curies":[{"name":"wp","href":"https:\/\/api.w.org\/{rel}","templated":true}]}}