{"id":1567,"date":"2011-05-28T22:00:35","date_gmt":"2011-05-28T20:00:35","guid":{"rendered":"http:\/\/www.schmeling.de\/blog\/?p=1567"},"modified":"2011-05-28T22:00:35","modified_gmt":"2011-05-28T20:00:35","slug":"schlafen-tiefergelegt","status":"publish","type":"post","link":"https:\/\/www.schmeling.de\/wordpress\/blog\/2011\/05\/28\/schlafen-tiefergelegt\/","title":{"rendered":"Schlafen tiefergelegt"},"content":{"rendered":"<p>Nachdem Lars durch einen ersten Kletterversuch die Lampenkabel am Kopfende erreichte und zu sich heranzog um mit ihnen zu spielen und Sophie schon fast den Ausstieg in Richtung Nachbarbett versucht hat, haben wir uns entschieden, die Betten tiefer zu legen. Nun haben Lars und Sophie noch einmal etwa 20cm mehr zu \u00fcberwinden, bevor wir das Bett endg\u00fcltig auf Bodenniveau absenken. Wie gut, dass Petra in den vergangenen Tagen schon mal die S\u00e4cke mit zu klein gewordenen Kindersachen aussortiert und in Kartons verpackt hat.<\/p>\n<p>Zur Sicherheit haben wir am Abend nach dem Besuch von Ingo und Gaby noch ein paar Sortierkartons von IKEA geholt. Man wei\u00df ja nie, wie schnell die beiden aus den ganzen Sachen, die sie jetzt tragen wieder rauswachsen. \ud83d\ude42<\/p>\n","protected":false},"excerpt":{"rendered":"<p>Nachdem Lars durch einen ersten Kletterversuch die Lampenkabel am Kopfende erreichte und zu sich heranzog um mit ihnen zu spielen und Sophie schon fast den Ausstieg in Richtung Nachbarbett versucht hat, haben wir uns entschieden, die Betten tiefer zu legen. Nun haben Lars und Sophie noch einmal etwa 20cm mehr zu \u00fcberwinden, bevor wir das [&hellip;]<\/p>\n","protected":false},"author":1,"featured_media":0,"comment_status":"open","ping_status":"open","sticky":false,"template":"","format":"standard","meta":{"footnotes":""},"categories":[5],"tags":[76,148,179,424,571,578,598,612,639,656,1016,1261],"class_list":["post-1567","post","type-post","status-publish","format-standard","hentry","category-kinder","tag-ausstieg","tag-bett","tag-bodennahe","tag-gaby","tag-ikea","tag-ingo","tag-kabel","tag-kartons","tag-kindersachen","tag-klettern","tag-sacke","tag-tiefer-gelegt"],"_links":{"self":[{"href":"https:\/\/www.schmeling.de\/wordpress\/wp-json\/wp\/v2\/posts\/1567","targetHints":{"allow":["GET"]}}],"collection":[{"href":"https:\/\/www.schmeling.de\/wordpress\/wp-json\/wp\/v2\/posts"}],"about":[{"href":"https:\/\/www.schmeling.de\/wordpress\/wp-json\/wp\/v2\/types\/post"}],"author":[{"embeddable":true,"href":"https:\/\/www.schmeling.de\/wordpress\/wp-json\/wp\/v2\/users\/1"}],"replies":[{"embeddable":true,"href":"https:\/\/www.schmeling.de\/wordpress\/wp-json\/wp\/v2\/comments?post=1567"}],"version-history":[{"count":0,"href":"https:\/\/www.schmeling.de\/wordpress\/wp-json\/wp\/v2\/posts\/1567\/revisions"}],"wp:attachment":[{"href":"https:\/\/www.schmeling.de\/wordpress\/wp-json\/wp\/v2\/media?parent=1567"}],"wp:term":[{"taxonomy":"category","embeddable":true,"href":"https:\/\/www.schmeling.de\/wordpress\/wp-json\/wp\/v2\/categories?post=1567"},{"taxonomy":"post_tag","embeddable":true,"href":"https:\/\/www.schmeling.de\/wordpress\/wp-json\/wp\/v2\/tags?post=1567"}],"curies":[{"name":"wp","href":"https:\/\/api.w.org\/{rel}","templated":true}]}}