{"id":1549,"date":"2011-05-24T22:00:03","date_gmt":"2011-05-24T20:00:03","guid":{"rendered":"http:\/\/www.schmeling.de\/blog\/?p=1549"},"modified":"2011-05-24T22:00:03","modified_gmt":"2011-05-24T20:00:03","slug":"larsi-chef","status":"publish","type":"post","link":"https:\/\/www.schmeling.de\/wordpress\/blog\/2011\/05\/24\/larsi-chef\/","title":{"rendered":"Larsi-Chef"},"content":{"rendered":"<p>Heute waren wir beim Friseur. Seit Jahren gehen wir zum Salon Babsi in Friedrichsort (wir m\u00fcssen hier mal Werbung machen), weil wir uns dort gut aufgehoben und gut beraten f\u00fchlen und inzwischen gut bekannt sind, obwohl wir ja gerade mal 3-4 mal im Jahr reinschauen. (\u00d6fter schaffen wir es einfach nie- Frau Schmidt hat uns schon mal ohne zu schmunzeln im Oktober einen guten Rutsch gew\u00fcnscht \ud83d\ude42 ).<\/p>\n<p>Lars und Sophie haben ja noch keine so lange Matte, dass sich das Schneiden lohnen w\u00fcrde, auch wenn Sophie sich kr\u00e4ftig anstrengt sich mit kleinen L\u00f6ckchen und einer dichten M\u00e4hne von unserem Glatthaar-Charmeur Larsi abzuheben.<\/p>\n<p>Dennoch durfte Lars sich gestern mal in den Friseurstuhl setzen und hat sich l\u00e4ssig links und rechts an den Armlehnen festgehalten und mit Frau Schnidt eine Runde durch den Salon gedreht. Ein echter Charmeur. Er hat sich ganz dolle gefreut. Er war mal Chef im Chefsessel.<\/p>\n","protected":false},"excerpt":{"rendered":"<p>Heute waren wir beim Friseur. Seit Jahren gehen wir zum Salon Babsi in Friedrichsort (wir m\u00fcssen hier mal Werbung machen), weil wir uns dort gut aufgehoben und gut beraten f\u00fchlen und inzwischen gut bekannt sind, obwohl wir ja gerade mal 3-4 mal im Jahr reinschauen. (\u00d6fter schaffen wir es einfach nie- Frau Schmidt hat uns [&hellip;]<\/p>\n","protected":false},"author":1,"featured_media":0,"comment_status":"open","ping_status":"open","sticky":false,"template":"","format":"standard","meta":{"footnotes":""},"categories":[5],"tags":[214,244,401,404,405,492,757,1008,1020],"class_list":["post-1549","post","type-post","status-publish","format-standard","hentry","category-kinder","tag-chefsessel","tag-dichtes-haar","tag-friedrichsort","tag-friseur","tag-friseurstuhl","tag-haarschnitt","tag-lockchen","tag-runde-drehen","tag-salon-babsi"],"_links":{"self":[{"href":"https:\/\/www.schmeling.de\/wordpress\/wp-json\/wp\/v2\/posts\/1549","targetHints":{"allow":["GET"]}}],"collection":[{"href":"https:\/\/www.schmeling.de\/wordpress\/wp-json\/wp\/v2\/posts"}],"about":[{"href":"https:\/\/www.schmeling.de\/wordpress\/wp-json\/wp\/v2\/types\/post"}],"author":[{"embeddable":true,"href":"https:\/\/www.schmeling.de\/wordpress\/wp-json\/wp\/v2\/users\/1"}],"replies":[{"embeddable":true,"href":"https:\/\/www.schmeling.de\/wordpress\/wp-json\/wp\/v2\/comments?post=1549"}],"version-history":[{"count":0,"href":"https:\/\/www.schmeling.de\/wordpress\/wp-json\/wp\/v2\/posts\/1549\/revisions"}],"wp:attachment":[{"href":"https:\/\/www.schmeling.de\/wordpress\/wp-json\/wp\/v2\/media?parent=1549"}],"wp:term":[{"taxonomy":"category","embeddable":true,"href":"https:\/\/www.schmeling.de\/wordpress\/wp-json\/wp\/v2\/categories?post=1549"},{"taxonomy":"post_tag","embeddable":true,"href":"https:\/\/www.schmeling.de\/wordpress\/wp-json\/wp\/v2\/tags?post=1549"}],"curies":[{"name":"wp","href":"https:\/\/api.w.org\/{rel}","templated":true}]}}