{"id":1509,"date":"2011-05-11T22:12:53","date_gmt":"2011-05-11T20:12:53","guid":{"rendered":"http:\/\/www.schmeling.de\/blog\/?p=1509"},"modified":"2011-05-11T22:12:53","modified_gmt":"2011-05-11T20:12:53","slug":"omabesuch","status":"publish","type":"post","link":"https:\/\/www.schmeling.de\/wordpress\/blog\/2011\/05\/11\/omabesuch\/","title":{"rendered":"Omabesuch"},"content":{"rendered":"<p>Heute fr\u00fch hat Petra ihre Mama zu uns geholt. Lars und Sophie haben sich sehr \u00fcber den Besuch von Oma Ingrid gefreut. So konnte ich nebenbei mal endlich die Ablage machen und alles was so die letzten Wochen aufgelaufen ist mal wegsortieren und alte Sachen wegwerfen.<\/p>\n<p>Lars war am Nachmittag nach unserem Einkauf bei Plaza m\u00fcde und hat einige Minuten im Auto geschlafen. Entsprechend aufgedreht war er dann beim Einschlafen.<\/p>\n<p>Erst als ich ihm gesagt habe, da\u00df er jetzt schlafen muss, weil der Tag sonst ganz traurig ist, wenn er gleich gehen muss und sieht, da\u00df Larsi noch nicht zufrieden schl\u00e4ft ging es langsam. Ich habe ihm gesagt, der Tag w\u00fcrde sich auf Ewigkeiten Vorw\u00fcrfe machen, dass er ein ganz schlimmer Tag gewesen w\u00e4re, weil der Larsi gar nicht einschlafen konnte.<\/p>\n<p>Ein kurzer Seufz und Larsi schlief, lie\u00df sich ins Bett legen und drehte sich auf die Seite &#8211; Gute Nacht Larsi !<\/p>\n","protected":false},"excerpt":{"rendered":"<p>Heute fr\u00fch hat Petra ihre Mama zu uns geholt. Lars und Sophie haben sich sehr \u00fcber den Besuch von Oma Ingrid gefreut. So konnte ich nebenbei mal endlich die Ablage machen und alles was so die letzten Wochen aufgelaufen ist mal wegsortieren und alte Sachen wegwerfen. Lars war am Nachmittag nach unserem Einkauf bei Plaza [&hellip;]<\/p>\n","protected":false},"author":1,"featured_media":0,"comment_status":"open","ping_status":"open","sticky":false,"template":"","format":"standard","meta":{"footnotes":""},"categories":[5],"tags":[145,284,286,867,925,1048,1228],"class_list":["post-1509","post","type-post","status-publish","format-standard","hentry","category-kinder","tag-besuch","tag-einkauf","tag-einschlafen","tag-oma-ingrid","tag-plaza","tag-schlafen","tag-tag"],"_links":{"self":[{"href":"https:\/\/www.schmeling.de\/wordpress\/wp-json\/wp\/v2\/posts\/1509","targetHints":{"allow":["GET"]}}],"collection":[{"href":"https:\/\/www.schmeling.de\/wordpress\/wp-json\/wp\/v2\/posts"}],"about":[{"href":"https:\/\/www.schmeling.de\/wordpress\/wp-json\/wp\/v2\/types\/post"}],"author":[{"embeddable":true,"href":"https:\/\/www.schmeling.de\/wordpress\/wp-json\/wp\/v2\/users\/1"}],"replies":[{"embeddable":true,"href":"https:\/\/www.schmeling.de\/wordpress\/wp-json\/wp\/v2\/comments?post=1509"}],"version-history":[{"count":0,"href":"https:\/\/www.schmeling.de\/wordpress\/wp-json\/wp\/v2\/posts\/1509\/revisions"}],"wp:attachment":[{"href":"https:\/\/www.schmeling.de\/wordpress\/wp-json\/wp\/v2\/media?parent=1509"}],"wp:term":[{"taxonomy":"category","embeddable":true,"href":"https:\/\/www.schmeling.de\/wordpress\/wp-json\/wp\/v2\/categories?post=1509"},{"taxonomy":"post_tag","embeddable":true,"href":"https:\/\/www.schmeling.de\/wordpress\/wp-json\/wp\/v2\/tags?post=1509"}],"curies":[{"name":"wp","href":"https:\/\/api.w.org\/{rel}","templated":true}]}}