{"id":1496,"date":"2011-05-08T22:00:07","date_gmt":"2011-05-08T20:00:07","guid":{"rendered":"http:\/\/www.schmeling.de\/blog\/?p=1496"},"modified":"2011-05-08T22:00:07","modified_gmt":"2011-05-08T20:00:07","slug":"muttertag","status":"publish","type":"post","link":"https:\/\/www.schmeling.de\/wordpress\/blog\/2011\/05\/08\/muttertag\/","title":{"rendered":"Muttertag"},"content":{"rendered":"<p>Den Muttertag haben wir heute Nachmittag im Garten verbracht. Petra hat eine Strandmuschel gekauft und die haben wir zum Sonnenschutz aufgestellt. Lars und Sophie haben gut eingecremt die Sonne genossen.<br \/>\n<img decoding=\"async\" src=\"http:\/\/www.schmeling.de\/images\/DSC_1241a.jpg\" alt=\"Sophie in der Sonne\" \/><br \/>\nWenn auch etwas quengelig haben sie sich doch schlie\u00dflich\u00a0die Spielwiese erschlossen. Mama wollten sie allerdings nicht missen und so konnte Petra mir\u00a0beim Unkraut j\u00e4ten und L\u00f6wenzahn stechen nicht helfen, aber die Kinder haben auf ihre Anwesenheit bestanden. Schlie\u00dflich ist ja Muttertag. Ich glaube da haben die Kinder was falsch verstanden. Bis zum Vatertag muss ich den Kindern das mal beibringen.<\/p>\n<p>Lars klatscht schon fleissig in die H\u00e4nde. Er schafft es seine kleinen H\u00e4ndchen gezielt aneinander klatschen zu lassen und damit zum Rhytmus von Mamas &#8222;Backe Backe Kuchen&#8220; zu klatschen. Applaus Larsi !<br \/>\n<img decoding=\"async\" src=\"http:\/\/www.schmeling.de\/images\/DSC_1290a.jpg\" alt=\"Lars Schmeling beim Klatschen\" \/><\/p>\n<p>Inzwischen habe ich mein Rasenm\u00e4herkabel mit Hilfe des Schiedsmannes wiederbekommen. Diesem wurde unter anderem ein Auszug aus diesem Blog vorgelegt. Ich m\u00f6chte zu diesem armseeligen Versuch einer gewissen Person sich als Opfer darzustellen nur sagen: Ich lasse mir das Schreiben nicht verbieten. Dieses Medium w\u00e4re ein Ort f\u00fcr die Ver\u00f6ffentlichung von\u00a0vielen unangenehmen Wahrheiten \u00fcber diese bedauernswerte Person, aber ich schreibe lieber \u00fcber Menschen, die ich liebe, als meine Leserinnen und Leser mit Geschichten \u00fcber Intriganten zu langweilen und die Sensationsgier jener zu befriedigen, die mit Hilfe ihres PCs das Feuer des Hasses weiter sch\u00fcren.<\/p>\n","protected":false},"excerpt":{"rendered":"<p>Den Muttertag haben wir heute Nachmittag im Garten verbracht. Petra hat eine Strandmuschel gekauft und die haben wir zum Sonnenschutz aufgestellt. Lars und Sophie haben gut eingecremt die Sonne genossen. Wenn auch etwas quengelig haben sie sich doch schlie\u00dflich\u00a0die Spielwiese erschlossen. Mama wollten sie allerdings nicht missen und so konnte Petra mir\u00a0beim Unkraut j\u00e4ten und [&hellip;]<\/p>\n","protected":false},"author":1,"featured_media":0,"comment_status":"open","ping_status":"open","sticky":false,"template":"","format":"standard","meta":{"footnotes":""},"categories":[4,5],"tags":[],"class_list":["post-1496","post","type-post","status-publish","format-standard","hentry","category-garten","category-kinder"],"_links":{"self":[{"href":"https:\/\/www.schmeling.de\/wordpress\/wp-json\/wp\/v2\/posts\/1496","targetHints":{"allow":["GET"]}}],"collection":[{"href":"https:\/\/www.schmeling.de\/wordpress\/wp-json\/wp\/v2\/posts"}],"about":[{"href":"https:\/\/www.schmeling.de\/wordpress\/wp-json\/wp\/v2\/types\/post"}],"author":[{"embeddable":true,"href":"https:\/\/www.schmeling.de\/wordpress\/wp-json\/wp\/v2\/users\/1"}],"replies":[{"embeddable":true,"href":"https:\/\/www.schmeling.de\/wordpress\/wp-json\/wp\/v2\/comments?post=1496"}],"version-history":[{"count":0,"href":"https:\/\/www.schmeling.de\/wordpress\/wp-json\/wp\/v2\/posts\/1496\/revisions"}],"wp:attachment":[{"href":"https:\/\/www.schmeling.de\/wordpress\/wp-json\/wp\/v2\/media?parent=1496"}],"wp:term":[{"taxonomy":"category","embeddable":true,"href":"https:\/\/www.schmeling.de\/wordpress\/wp-json\/wp\/v2\/categories?post=1496"},{"taxonomy":"post_tag","embeddable":true,"href":"https:\/\/www.schmeling.de\/wordpress\/wp-json\/wp\/v2\/tags?post=1496"}],"curies":[{"name":"wp","href":"https:\/\/api.w.org\/{rel}","templated":true}]}}