{"id":1484,"date":"2011-05-02T22:00:27","date_gmt":"2011-05-02T20:00:27","guid":{"rendered":"http:\/\/www.schmeling.de\/blog\/?p=1484"},"modified":"2011-05-02T22:00:27","modified_gmt":"2011-05-02T20:00:27","slug":"elternteilzeit","status":"publish","type":"post","link":"https:\/\/www.schmeling.de\/wordpress\/blog\/2011\/05\/02\/elternteilzeit\/","title":{"rendered":"Elternteilzeit"},"content":{"rendered":"<p>Meine Elternteilzeit hat wieder begonnen. Bis incl. 1. Juni habe ich nun weniger zu arbeiten und mehr Zeit f\u00fcr die Kinder. Heute Nachmittag haben wir gemeinsam einen wichtigen Termin gehabt. Was genau, wissen nur Eingeweihte (es gibt KEINE weiteren Geschwister f\u00fcr Lars und Sophie). Im Sp\u00e4tsommer gibt es sicher mehr dar\u00fcber zu berichten. Sophie hat dabei bewiesen, da\u00df sie Papier in gro\u00dfen Mengen in sich hineinstopfen kann, statt wie Lars damit zu spielen. Und das hat nicht etwa daran gelegen, da\u00df sie Hunger gehabt h\u00e4tte sondern daran, da\u00df sie gern Dinge in den Mund nimmt, wie ihren Daumen.<\/p>\n<p>Lars macht mit dem Papier gern L\u00e4rm. Knistern, rascheln, wedeln. Einfach toll, was man so mit Papier machen kann. \ud83d\ude42 \ud83d\ude42 \ud83d\ude42<\/p>\n","protected":false},"excerpt":{"rendered":"<p>Meine Elternteilzeit hat wieder begonnen. Bis incl. 1. Juni habe ich nun weniger zu arbeiten und mehr Zeit f\u00fcr die Kinder. Heute Nachmittag haben wir gemeinsam einen wichtigen Termin gehabt. Was genau, wissen nur Eingeweihte (es gibt KEINE weiteren Geschwister f\u00fcr Lars und Sophie). Im Sp\u00e4tsommer gibt es sicher mehr dar\u00fcber zu berichten. Sophie hat [&hellip;]<\/p>\n","protected":false},"author":1,"featured_media":0,"comment_status":"open","ping_status":"open","sticky":false,"template":"","format":"standard","meta":{"footnotes":""},"categories":[5],"tags":[235,301,890,1249,1254],"class_list":["post-1484","post","type-post","status-publish","format-standard","hentry","category-kinder","tag-daumen","tag-elternzeit","tag-papier","tag-teilzeit","tag-termine"],"_links":{"self":[{"href":"https:\/\/www.schmeling.de\/wordpress\/wp-json\/wp\/v2\/posts\/1484","targetHints":{"allow":["GET"]}}],"collection":[{"href":"https:\/\/www.schmeling.de\/wordpress\/wp-json\/wp\/v2\/posts"}],"about":[{"href":"https:\/\/www.schmeling.de\/wordpress\/wp-json\/wp\/v2\/types\/post"}],"author":[{"embeddable":true,"href":"https:\/\/www.schmeling.de\/wordpress\/wp-json\/wp\/v2\/users\/1"}],"replies":[{"embeddable":true,"href":"https:\/\/www.schmeling.de\/wordpress\/wp-json\/wp\/v2\/comments?post=1484"}],"version-history":[{"count":0,"href":"https:\/\/www.schmeling.de\/wordpress\/wp-json\/wp\/v2\/posts\/1484\/revisions"}],"wp:attachment":[{"href":"https:\/\/www.schmeling.de\/wordpress\/wp-json\/wp\/v2\/media?parent=1484"}],"wp:term":[{"taxonomy":"category","embeddable":true,"href":"https:\/\/www.schmeling.de\/wordpress\/wp-json\/wp\/v2\/categories?post=1484"},{"taxonomy":"post_tag","embeddable":true,"href":"https:\/\/www.schmeling.de\/wordpress\/wp-json\/wp\/v2\/tags?post=1484"}],"curies":[{"name":"wp","href":"https:\/\/api.w.org\/{rel}","templated":true}]}}