{"id":1458,"date":"2011-04-24T22:07:02","date_gmt":"2011-04-24T20:07:02","guid":{"rendered":"http:\/\/www.schmeling.de\/blog\/?p=1458"},"modified":"2011-04-24T22:07:02","modified_gmt":"2011-04-24T20:07:02","slug":"ostern-und-larsi-legt-nach","status":"publish","type":"post","link":"https:\/\/www.schmeling.de\/wordpress\/blog\/2011\/04\/24\/ostern-und-larsi-legt-nach\/","title":{"rendered":"Ostern und Larsi legt nach"},"content":{"rendered":"<p>Seit einigen Tagen hat ja schon Sophie ihren ersten oberen Schneidezahn. Nun hat auch Larsi einen Schneidezahn, der im Oberkiefer durchs Zahnfleisch durchgebrochen ist. (siehe auch <a href=\"http:\/\/www.schmeling.de\/blog\/zahnkalender-lars\/\">Larsi\u00b4s Zahnkalender<\/a>)<\/p>\n<p>Heute Mittag waren wir dann in Eckernf\u00f6rde bei Oma Ingrid, Opa Peter, Tante Jenni und Tante Franzi. Unsere beiden haben ziemlich viele Ostergeschenke abgesahnt. Unter anderem ein B\u00e4lle-Zelt und einige neue Sachen zum Anziehen.<\/p>\n<p>Ganz sch\u00f6n aufregend so ein Osterfest. Da haben unsere zwei auf der R\u00fcckfahrt schon mal das Nickerchen gemacht. Das gro\u00dfe Nicherchen kommt nun am Abend und wird hoffentlich endlich mal wieder eine ganze Nacht lang dauern.<\/p>\n<p>Mit dem Ostersonntag endet eigentlich die Fastenzeit. 7 Wochen ohne Lakritz habe ich nun hinter mich gebracht. Und auch bis jetzt (22:00 Uhr) nichts gegessen. Nat\u00fcrlich habe ich es mit Weingummi und auch Schokolade ein wenig kompensiert aber ich habe es durchgehalten. Und das macht mir Mut im n\u00e4chsten Jahr einen neuen Versuch zu wagen. Mal sehen, worauf ich dann verzichte.<\/p>\n","protected":false},"excerpt":{"rendered":"<p>Seit einigen Tagen hat ja schon Sophie ihren ersten oberen Schneidezahn. Nun hat auch Larsi einen Schneidezahn, der im Oberkiefer durchs Zahnfleisch durchgebrochen ist. (siehe auch Larsi\u00b4s Zahnkalender) Heute Mittag waren wir dann in Eckernf\u00f6rde bei Oma Ingrid, Opa Peter, Tante Jenni und Tante Franzi. Unsere beiden haben ziemlich viele Ostergeschenke abgesahnt. Unter anderem ein [&hellip;]<\/p>\n","protected":false},"author":1,"featured_media":0,"comment_status":"open","ping_status":"open","sticky":false,"template":"","format":"standard","meta":{"footnotes":""},"categories":[5],"tags":[105,337,452,716,855,883,1430],"class_list":["post-1458","post","type-post","status-publish","format-standard","hentry","category-kinder","tag-ballezelt","tag-fastenzeit","tag-geschenke","tag-lakritz","tag-nickerchen","tag-ostern","tag-zahn"],"_links":{"self":[{"href":"https:\/\/www.schmeling.de\/wordpress\/wp-json\/wp\/v2\/posts\/1458","targetHints":{"allow":["GET"]}}],"collection":[{"href":"https:\/\/www.schmeling.de\/wordpress\/wp-json\/wp\/v2\/posts"}],"about":[{"href":"https:\/\/www.schmeling.de\/wordpress\/wp-json\/wp\/v2\/types\/post"}],"author":[{"embeddable":true,"href":"https:\/\/www.schmeling.de\/wordpress\/wp-json\/wp\/v2\/users\/1"}],"replies":[{"embeddable":true,"href":"https:\/\/www.schmeling.de\/wordpress\/wp-json\/wp\/v2\/comments?post=1458"}],"version-history":[{"count":0,"href":"https:\/\/www.schmeling.de\/wordpress\/wp-json\/wp\/v2\/posts\/1458\/revisions"}],"wp:attachment":[{"href":"https:\/\/www.schmeling.de\/wordpress\/wp-json\/wp\/v2\/media?parent=1458"}],"wp:term":[{"taxonomy":"category","embeddable":true,"href":"https:\/\/www.schmeling.de\/wordpress\/wp-json\/wp\/v2\/categories?post=1458"},{"taxonomy":"post_tag","embeddable":true,"href":"https:\/\/www.schmeling.de\/wordpress\/wp-json\/wp\/v2\/tags?post=1458"}],"curies":[{"name":"wp","href":"https:\/\/api.w.org\/{rel}","templated":true}]}}