{"id":1197,"date":"2011-02-18T22:00:49","date_gmt":"2011-02-18T21:00:49","guid":{"rendered":"http:\/\/www.schmeling.de\/blog\/?p=1197"},"modified":"2011-02-18T22:00:49","modified_gmt":"2011-02-18T21:00:49","slug":"babyblabla","status":"publish","type":"post","link":"https:\/\/www.schmeling.de\/wordpress\/blog\/2011\/02\/18\/babyblabla\/","title":{"rendered":"Babyblabla"},"content":{"rendered":"<p>Lars hat es schon vor einer Woche getan, Sophie tut es jetzt seit eingen Tagen auch. Babeln &#8211; im hessischen sagt man auch babbeln.<\/p>\n<p>Baaaabaaalllabbaaaaaa ! iiiaaaajjjaaajjjaaaabbbaaa ! So qu\u00e4ckt es aus den M\u00fcndern unser Kinde zus\u00e4tzlich zum quietschen des Tages. Erste Gehversuche im Dschungel der Sprache. Wenn man bedenkt, da\u00df daraus mal Worte werden und die zwei irgendwann mal ganze S\u00e4tze bilden und beginnen werden, mir L\u00f6cher in den Bauch zu fragen. Wird man davon eigentlich schlanker ?<\/p>\n<p>Bis dahin dauert es zum Gl\u00fcck noch ein wenig und es ist mir verg\u00f6nnt mich \u00fcber die vermeintlichen Bedeutungen lustig zu machen.<br \/>\n<img decoding=\"async\" src=\"http:\/\/www.schmeling.de\/images\/DSCN1895a.jpg\" alt=\"Lars und Sophie im Partnerlook\" \/><\/p>\n","protected":false},"excerpt":{"rendered":"<p>Lars hat es schon vor einer Woche getan, Sophie tut es jetzt seit eingen Tagen auch. Babeln &#8211; im hessischen sagt man auch babbeln. Baaaabaaalllabbaaaaaa ! iiiaaaajjjaaajjjaaaabbbaaa ! So qu\u00e4ckt es aus den M\u00fcndern unser Kinde zus\u00e4tzlich zum quietschen des Tages. Erste Gehversuche im Dschungel der Sprache. Wenn man bedenkt, da\u00df daraus mal Worte werden [&hellip;]<\/p>\n","protected":false},"author":1,"featured_media":0,"comment_status":"open","ping_status":"open","sticky":false,"template":"","format":"standard","meta":{"footnotes":""},"categories":[5],"tags":[389,920,1171],"class_list":["post-1197","post","type-post","status-publish","format-standard","hentry","category-kinder","tag-fragen","tag-plappern","tag-sprechen"],"_links":{"self":[{"href":"https:\/\/www.schmeling.de\/wordpress\/wp-json\/wp\/v2\/posts\/1197","targetHints":{"allow":["GET"]}}],"collection":[{"href":"https:\/\/www.schmeling.de\/wordpress\/wp-json\/wp\/v2\/posts"}],"about":[{"href":"https:\/\/www.schmeling.de\/wordpress\/wp-json\/wp\/v2\/types\/post"}],"author":[{"embeddable":true,"href":"https:\/\/www.schmeling.de\/wordpress\/wp-json\/wp\/v2\/users\/1"}],"replies":[{"embeddable":true,"href":"https:\/\/www.schmeling.de\/wordpress\/wp-json\/wp\/v2\/comments?post=1197"}],"version-history":[{"count":0,"href":"https:\/\/www.schmeling.de\/wordpress\/wp-json\/wp\/v2\/posts\/1197\/revisions"}],"wp:attachment":[{"href":"https:\/\/www.schmeling.de\/wordpress\/wp-json\/wp\/v2\/media?parent=1197"}],"wp:term":[{"taxonomy":"category","embeddable":true,"href":"https:\/\/www.schmeling.de\/wordpress\/wp-json\/wp\/v2\/categories?post=1197"},{"taxonomy":"post_tag","embeddable":true,"href":"https:\/\/www.schmeling.de\/wordpress\/wp-json\/wp\/v2\/tags?post=1197"}],"curies":[{"name":"wp","href":"https:\/\/api.w.org\/{rel}","templated":true}]}}