{"id":1182,"date":"2011-02-11T22:00:34","date_gmt":"2011-02-11T21:00:34","guid":{"rendered":"http:\/\/www.schmeling.de\/blog\/?p=1182"},"modified":"2011-02-11T22:00:34","modified_gmt":"2011-02-11T21:00:34","slug":"und-wieder-fieber","status":"publish","type":"post","link":"https:\/\/www.schmeling.de\/wordpress\/blog\/2011\/02\/11\/und-wieder-fieber\/","title":{"rendered":"Und wieder Fieber"},"content":{"rendered":"<p>Sophie hat gestern erneut Fieber bekommen und Petra ist mit ihr zum Arzt gefahren. Die Details erspare ich meiner treuen Leserschaft an dieser Stelle, denn auch unser Sophiechen hat eine Privatsph\u00e4re. Nur soviel: Sophie wird nun mit Antibiotika behandelt und wird f\u00fcr eine kleine Weile unser Sorgenkind bleiben. Heute war das Fieber zwar noch immer da, aber sie ist schon besser drauf.<\/p>\n<p>Lars findet den Trubel um Sophie doof. Er will eigentlich auch gern mal wieder im Mittelpunkt stehen und steht mit der MaxiCosi dann beim Doktor eher im Abseits. Dabei w\u00fcrde er doch sooo gern mal zeigen, da\u00df er sich nun auch schon mal auf den R\u00fccken zur\u00fcckdrehen kann. Aber nur auf dem Bett. Denn dort ist die Matratze weich und der Kopf plumpst nicht so hart auf den Boden, wenn er zu viel Schwung hat.<\/p>\n","protected":false},"excerpt":{"rendered":"<p>Sophie hat gestern erneut Fieber bekommen und Petra ist mit ihr zum Arzt gefahren. Die Details erspare ich meiner treuen Leserschaft an dieser Stelle, denn auch unser Sophiechen hat eine Privatsph\u00e4re. Nur soviel: Sophie wird nun mit Antibiotika behandelt und wird f\u00fcr eine kleine Weile unser Sorgenkind bleiben. Heute war das Fieber zwar noch immer [&hellip;]<\/p>\n","protected":false},"author":1,"featured_media":0,"comment_status":"open","ping_status":"open","sticky":false,"template":"","format":"standard","meta":{"footnotes":""},"categories":[5],"tags":[],"class_list":["post-1182","post","type-post","status-publish","format-standard","hentry","category-kinder"],"_links":{"self":[{"href":"https:\/\/www.schmeling.de\/wordpress\/wp-json\/wp\/v2\/posts\/1182","targetHints":{"allow":["GET"]}}],"collection":[{"href":"https:\/\/www.schmeling.de\/wordpress\/wp-json\/wp\/v2\/posts"}],"about":[{"href":"https:\/\/www.schmeling.de\/wordpress\/wp-json\/wp\/v2\/types\/post"}],"author":[{"embeddable":true,"href":"https:\/\/www.schmeling.de\/wordpress\/wp-json\/wp\/v2\/users\/1"}],"replies":[{"embeddable":true,"href":"https:\/\/www.schmeling.de\/wordpress\/wp-json\/wp\/v2\/comments?post=1182"}],"version-history":[{"count":0,"href":"https:\/\/www.schmeling.de\/wordpress\/wp-json\/wp\/v2\/posts\/1182\/revisions"}],"wp:attachment":[{"href":"https:\/\/www.schmeling.de\/wordpress\/wp-json\/wp\/v2\/media?parent=1182"}],"wp:term":[{"taxonomy":"category","embeddable":true,"href":"https:\/\/www.schmeling.de\/wordpress\/wp-json\/wp\/v2\/categories?post=1182"},{"taxonomy":"post_tag","embeddable":true,"href":"https:\/\/www.schmeling.de\/wordpress\/wp-json\/wp\/v2\/tags?post=1182"}],"curies":[{"name":"wp","href":"https:\/\/api.w.org\/{rel}","templated":true}]}}