{"id":1104,"date":"2011-01-27T23:00:26","date_gmt":"2011-01-27T22:00:26","guid":{"rendered":"http:\/\/www.schmeling.de\/blog\/?p=1104"},"modified":"2011-01-27T23:00:26","modified_gmt":"2011-01-27T22:00:26","slug":"apfel-pfirsich-brei","status":"publish","type":"post","link":"https:\/\/www.schmeling.de\/wordpress\/blog\/2011\/01\/27\/apfel-pfirsich-brei\/","title":{"rendered":"Apfel-Pfirsich-Brei"},"content":{"rendered":"<p><img decoding=\"async\" src=\"http:\/\/www.schmeling.de\/images\/DSC_0800a.jpg\" alt=\"Sophie Schmeling mit offenem Mund\" \/><br \/>\n<strong>Ich will mein K\u00fcrbisbrei zur\u00fcck !<\/strong><\/p>\n<p>Heute Mittag habe ich nach wieder auf der Arbeit gesessen und Lars und Sophie haben heute Mittag und auch am Nachmittag von Petra ihr erstes Apfel-Pfirsich-Brei-Gl\u00e4schen bekommen.<\/p>\n<p>Das ist beiden offenbar nicht bekommen. W\u00e4hrend Petra kurz einkaufen war, hat Sophie bitterlich geweint und ich hatte das Gef\u00fchl, es tut ihr der Bauch weh. Auch Lars hat es irgendwann nicht mehr ausgehalten und das Br\u00fcllen angefangen. &#8211; HILFE meine Nerven !!!<\/p>\n<p>Sophie hat sich jedenfalls gegen weitere Apfel-Pfirsich-Breichen ausgesprochen und will ihren K\u00fcrbis zur\u00fcck.<\/p>\n","protected":false},"excerpt":{"rendered":"<p>Ich will mein K\u00fcrbisbrei zur\u00fcck ! Heute Mittag habe ich nach wieder auf der Arbeit gesessen und Lars und Sophie haben heute Mittag und auch am Nachmittag von Petra ihr erstes Apfel-Pfirsich-Brei-Gl\u00e4schen bekommen. Das ist beiden offenbar nicht bekommen. W\u00e4hrend Petra kurz einkaufen war, hat Sophie bitterlich geweint und ich hatte das Gef\u00fchl, es tut [&hellip;]<\/p>\n","protected":false},"author":1,"featured_media":0,"comment_status":"open","ping_status":"open","sticky":false,"template":"","format":"standard","meta":{"footnotes":""},"categories":[5],"tags":[45,113,131,188,284,1380],"class_list":["post-1104","post","type-post","status-publish","format-standard","hentry","category-kinder","tag-apfel-pfirsich","tag-bauchweh","tag-beikost","tag-brei","tag-einkauf","tag-weinen"],"_links":{"self":[{"href":"https:\/\/www.schmeling.de\/wordpress\/wp-json\/wp\/v2\/posts\/1104","targetHints":{"allow":["GET"]}}],"collection":[{"href":"https:\/\/www.schmeling.de\/wordpress\/wp-json\/wp\/v2\/posts"}],"about":[{"href":"https:\/\/www.schmeling.de\/wordpress\/wp-json\/wp\/v2\/types\/post"}],"author":[{"embeddable":true,"href":"https:\/\/www.schmeling.de\/wordpress\/wp-json\/wp\/v2\/users\/1"}],"replies":[{"embeddable":true,"href":"https:\/\/www.schmeling.de\/wordpress\/wp-json\/wp\/v2\/comments?post=1104"}],"version-history":[{"count":0,"href":"https:\/\/www.schmeling.de\/wordpress\/wp-json\/wp\/v2\/posts\/1104\/revisions"}],"wp:attachment":[{"href":"https:\/\/www.schmeling.de\/wordpress\/wp-json\/wp\/v2\/media?parent=1104"}],"wp:term":[{"taxonomy":"category","embeddable":true,"href":"https:\/\/www.schmeling.de\/wordpress\/wp-json\/wp\/v2\/categories?post=1104"},{"taxonomy":"post_tag","embeddable":true,"href":"https:\/\/www.schmeling.de\/wordpress\/wp-json\/wp\/v2\/tags?post=1104"}],"curies":[{"name":"wp","href":"https:\/\/api.w.org\/{rel}","templated":true}]}}