{"id":1077,"date":"2011-01-20T22:20:38","date_gmt":"2011-01-20T21:20:38","guid":{"rendered":"http:\/\/www.schmeling.de\/blog\/?p=1077"},"modified":"2011-01-20T22:20:38","modified_gmt":"2011-01-20T21:20:38","slug":"ausfluge","status":"publish","type":"post","link":"https:\/\/www.schmeling.de\/wordpress\/blog\/2011\/01\/20\/ausfluge\/","title":{"rendered":"Ausfl\u00fcge"},"content":{"rendered":"<p>Heute haben wir einige Termine gehabt, zu denen wir die Kinder mitgenommen haben. Eine Menge Abweichungen von dem gewohnten Tagesablauf, weshalb wir uns \u00fcberlegen, ob wir die Krabbelgruppe in Friedrichsort morgen aussetzen.<\/p>\n<p>Kein Wunder, dass die Kinder da im Moment nicht so berechenbar schlafen und Petra Nachts wieder 1-2 mal raus muss. Da ist Meine Elternteilzeit f\u00fcr die Kontinuit\u00e4t im Kindertagesablauf eher hinderlich.<\/p>\n<p>Heute Abend ist wieder mal Babyk\u00fcche angesagt. Ich habe K\u00fcrbis und S\u00fc\u00dfkartoffeln gekauft dazu ein St\u00fcck H\u00fcftsteak, das wir in Babynahrung einbringen wollen. Zum Beginn also mal was Gutes. Ich ahne, dass die Kinder da nicht soooo begeistert von sein werden und wir von den Reaktionen auf die mit Liebe ausgesuchte Nahrung entt\u00e4uscht werden. Ich werde berichten.<\/p>\n<p>Nun geht es alle 20 Minuten in die K\u00fcche und neue Eisw\u00fcrfel und Portionsbecher f\u00fcllen.<\/p>\n","protected":false},"excerpt":{"rendered":"<p>Heute haben wir einige Termine gehabt, zu denen wir die Kinder mitgenommen haben. Eine Menge Abweichungen von dem gewohnten Tagesablauf, weshalb wir uns \u00fcberlegen, ob wir die Krabbelgruppe in Friedrichsort morgen aussetzen. Kein Wunder, dass die Kinder da im Moment nicht so berechenbar schlafen und Petra Nachts wieder 1-2 mal raus muss. Da ist Meine [&hellip;]<\/p>\n","protected":false},"author":1,"featured_media":0,"comment_status":"open","ping_status":"open","sticky":false,"template":"","format":"standard","meta":{"footnotes":""},"categories":[5],"tags":[72,131,188,267,370,684,703,1048,1225],"class_list":["post-1077","post","type-post","status-publish","format-standard","hentry","category-kinder","tag-ausflug","tag-beikost","tag-brei","tag-durchschlafen","tag-fleisch","tag-krabbelgruppe","tag-kurbis","tag-schlafen","tag-suskartoffel"],"_links":{"self":[{"href":"https:\/\/www.schmeling.de\/wordpress\/wp-json\/wp\/v2\/posts\/1077","targetHints":{"allow":["GET"]}}],"collection":[{"href":"https:\/\/www.schmeling.de\/wordpress\/wp-json\/wp\/v2\/posts"}],"about":[{"href":"https:\/\/www.schmeling.de\/wordpress\/wp-json\/wp\/v2\/types\/post"}],"author":[{"embeddable":true,"href":"https:\/\/www.schmeling.de\/wordpress\/wp-json\/wp\/v2\/users\/1"}],"replies":[{"embeddable":true,"href":"https:\/\/www.schmeling.de\/wordpress\/wp-json\/wp\/v2\/comments?post=1077"}],"version-history":[{"count":0,"href":"https:\/\/www.schmeling.de\/wordpress\/wp-json\/wp\/v2\/posts\/1077\/revisions"}],"wp:attachment":[{"href":"https:\/\/www.schmeling.de\/wordpress\/wp-json\/wp\/v2\/media?parent=1077"}],"wp:term":[{"taxonomy":"category","embeddable":true,"href":"https:\/\/www.schmeling.de\/wordpress\/wp-json\/wp\/v2\/categories?post=1077"},{"taxonomy":"post_tag","embeddable":true,"href":"https:\/\/www.schmeling.de\/wordpress\/wp-json\/wp\/v2\/tags?post=1077"}],"curies":[{"name":"wp","href":"https:\/\/api.w.org\/{rel}","templated":true}]}}